{"id":679,"date":"2022-05-05T21:21:08","date_gmt":"2022-05-05T21:21:08","guid":{"rendered":"http:\/\/reconstruccion.com.co\/?p=679"},"modified":"2022-11-03T12:22:33","modified_gmt":"2022-11-03T12:22:33","slug":"carta-de-la-personera-a-la-institucion-educativa","status":"publish","type":"post","link":"https:\/\/reconstruccion.com.co\/index.php\/2022\/05\/05\/carta-de-la-personera-a-la-institucion-educativa\/","title":{"rendered":"CARTA DE LA PERSONERA A LA INSTITUCI\u00d3N EDUCATIVA"},"content":{"rendered":"\t\t<div data-elementor-type=\"wp-post\" data-elementor-id=\"679\" class=\"elementor elementor-679\">\n\t\t\t\t\t\t<section class=\"elementor-section elementor-top-section elementor-element elementor-element-46ef901a elementor-section-full_width elementor-section-height-default elementor-section-height-default\" data-id=\"46ef901a\" data-element_type=\"section\">\n\t\t\t\t\t\t<div class=\"elementor-container elementor-column-gap-default\">\n\t\t\t\t\t<div class=\"elementor-column elementor-col-100 elementor-top-column elementor-element elementor-element-76ac74be\" data-id=\"76ac74be\" data-element_type=\"column\">\n\t\t\t<div class=\"elementor-widget-wrap elementor-element-populated\">\n\t\t\t\t\t\t<div class=\"elementor-element elementor-element-3f4eb775 elespare-section-title-elespare-left elementor-widget elementor-widget-post-author\" data-id=\"3f4eb775\" data-element_type=\"widget\" data-widget_type=\"post-author.default\">\n\t\t\t\t<div class=\"elementor-widget-container\">\n\t\t\t\t\t    <div class=\"elespare-widget-auhtor-wrapper\">\n            <div class=\"elespare-author-wrapper author-style-1\">\n                  <div class=\"elespare-img-wrap\">\n            <img decoding=\"async\" width=\"113\" height=\"150\" src=\"https:\/\/reconstruccion.com.co\/wp-content\/uploads\/2022\/05\/WhatsApp_Image_2022-03-22_at_2.09.22_PM-removebg-preview-1.png\" class=\"elementor-animation-disable-animation attachment-thumbnail size-thumbnail wp-image-699\" alt=\"\" \/>          <\/div>\n                <div class=\"elespare-author-info-wrap\">\n          <h2 class=\"elespare-infobox-title\"><a target=\"_blank\" href=\"#\">Maria Jose Bojorge<\/a><\/h2><div class=\"elespare-infobox-desc\">Personera<\/div>          <div class=\"elespare-social-links\">\n                                                            \n          <\/div>\n        <\/div>\n      <\/div>\n\n    <\/div>\n\n\t\t\t\t<\/div>\n\t\t\t\t<\/div>\n\t\t\t\t<div class=\"elementor-element elementor-element-276321a0 elementor-widget elementor-widget-text-editor\" data-id=\"276321a0\" data-element_type=\"widget\" data-widget_type=\"text-editor.default\">\n\t\t\t\t<div class=\"elementor-widget-container\">\n\t\t\t\t\t\t\t\t\t<p>Soy Mar\u00eda Jos\u00e9 Bojorge, personera de la Instituci\u00f3n Educativa INEM Francisco Jos\u00e9 de Caldas. Aprovecho este espacio para felicitar a nuestro colegio por su maravillosa labor pedag\u00f3gica durante 50 a\u00f1os. S\u00e9 que cada d\u00eda se esfuerza en dar lo mejor, con el prop\u00f3sito de mejorar la calidad educativa desde las diferentes especialidades que ofrece para la formaci\u00f3n, no solamente de excelentes estudiantes sino tambi\u00e9n de personas dignas.<\/p>\n<p>Gracias a la ayuda de profesores, coordinadores, administrativos&#8230;, quienes han dado lo mejor, con una actitud de compromiso \u00e9tico. Sin escatimar esfuerzos, se ha logrado convertir el INEM en un espacio cultural, deportivo, t\u00e9cnico, pedag\u00f3gico y art\u00edstico, que ha sido un ejemplo a seguir para otras instituciones. Aunque la labor no ha sido f\u00e1cil, s\u00ed nos ha dado a todos grandes satisfacciones.<\/p>\n<p>\u00a1Felicitaciones, INEM, por tus cincuenta a\u00f1os y por la magn\u00edfica labor desarrollada bajo los fundamentos de la \u00e9tica y los valores que deben regir nuestras vidas! Mis mejores deseos para que se contin\u00fae con la sagrada labor de formar excelentes ciudadanos.<\/p>\n<p>De otro lado, quisiera hablarles un poco de mis proyectos como personera durante este a\u00f1o lectivo. Mi meta m\u00e1s relevante es consolidar una buena convivencia entre todas las sedes del INEM, en las cuales podamos fortalecer el sentido de pertenencia, con base en propuestas tem\u00e1ticas como el deporte, la<\/p>\n<p>tecnolog\u00eda, el medio ambiente, el arte y las diferentes metodolog\u00edas de aprendizaje.<\/p>\n<p>Agradezco a quienes depositaron su confianza en m\u00ed, al elegirme como su representante y tambi\u00e9n como una amiga en quien pueden confiar para hacer valer nuestros derechos y reconocer los deberes con la instituci\u00f3n. Me comprometo a aportar mi mejor voluntad para alcanzar los mejores resultados. Y espero de ustedes toda su colaboraci\u00f3n.<\/p>\n<p><\/p>\t\t\t\t\t\t\t\t<\/div>\n\t\t\t\t<\/div>\n\t\t\t\t\t<\/div>\n\t\t<\/div>\n\t\t\t\t\t<\/div>\n\t\t<\/section>\n\t\t\t\t<\/div>\n\t\t","protected":false},"excerpt":{"rendered":"<p>Maria Jose Bojorge Personera Soy Mar\u00eda Jos\u00e9 Bojorge, personera de la Instituci\u00f3n Educativa INEM Francisco&#8230;<\/p>\n","protected":false},"author":2,"featured_media":699,"comment_status":"closed","ping_status":"open","sticky":false,"template":"","format":"standard","meta":{"footnotes":""},"categories":[12],"tags":[],"class_list":["post-679","post","type-post","status-publish","format-standard","has-post-thumbnail","hentry","category-sociales"],"yoast_head":"<!-- This site is optimized with the Yoast SEO plugin v24.6 - https:\/\/yoast.com\/wordpress\/plugins\/seo\/ -->\n<title>CARTA DE LA PERSONERA A LA INSTITUCI\u00d3N EDUCATIVA -<\/title>\n<meta name=\"robots\" content=\"index, follow, max-snippet:-1, max-image-preview:large, max-video-preview:-1\" \/>\n<link rel=\"canonical\" href=\"https:\/\/reconstruccion.com.co\/index.php\/2022\/05\/05\/carta-de-la-personera-a-la-institucion-educativa\/\" \/>\n<meta property=\"og:locale\" content=\"es_ES\" \/>\n<meta property=\"og:type\" content=\"article\" \/>\n<meta property=\"og:title\" content=\"CARTA DE LA PERSONERA A LA INSTITUCI\u00d3N EDUCATIVA -\" \/>\n<meta property=\"og:description\" content=\"Maria Jose Bojorge Personera Soy Mar\u00eda Jos\u00e9 Bojorge, personera de la Instituci\u00f3n Educativa INEM Francisco...\" \/>\n<meta property=\"og:url\" content=\"https:\/\/reconstruccion.com.co\/index.php\/2022\/05\/05\/carta-de-la-personera-a-la-institucion-educativa\/\" \/>\n<meta property=\"article:published_time\" content=\"2022-05-05T21:21:08+00:00\" \/>\n<meta property=\"article:modified_time\" content=\"2022-11-03T12:22:33+00:00\" \/>\n<meta property=\"og:image\" content=\"https:\/\/reconstruccion.com.co\/wp-content\/uploads\/2022\/05\/WhatsApp_Image_2022-03-22_at_2.09.22_PM-removebg-preview-1.png\" \/>\n\t<meta property=\"og:image:width\" content=\"433\" \/>\n\t<meta property=\"og:image:height\" content=\"577\" \/>\n\t<meta property=\"og:image:type\" content=\"image\/png\" \/>\n<meta name=\"author\" content=\"ANGELA QUI\u00d1ONEZ\" \/>\n<meta name=\"twitter:card\" content=\"summary_large_image\" \/>\n<meta name=\"twitter:label1\" content=\"Escrito por\" \/>\n\t<meta name=\"twitter:data1\" content=\"ANGELA QUI\u00d1ONEZ\" \/>\n\t<meta name=\"twitter:label2\" content=\"Tiempo de lectura\" \/>\n\t<meta name=\"twitter:data2\" content=\"2 minutos\" \/>\n<script type=\"application\/ld+json\" class=\"yoast-schema-graph\">{\"@context\":\"https:\/\/schema.org\",\"@graph\":[{\"@type\":\"WebPage\",\"@id\":\"https:\/\/reconstruccion.com.co\/index.php\/2022\/05\/05\/carta-de-la-personera-a-la-institucion-educativa\/\",\"url\":\"https:\/\/reconstruccion.com.co\/index.php\/2022\/05\/05\/carta-de-la-personera-a-la-institucion-educativa\/\",\"name\":\"CARTA DE LA PERSONERA A LA INSTITUCI\u00d3N EDUCATIVA -\",\"isPartOf\":{\"@id\":\"https:\/\/reconstruccion.com.co\/#website\"},\"primaryImageOfPage\":{\"@id\":\"https:\/\/reconstruccion.com.co\/index.php\/2022\/05\/05\/carta-de-la-personera-a-la-institucion-educativa\/#primaryimage\"},\"image\":{\"@id\":\"https:\/\/reconstruccion.com.co\/index.php\/2022\/05\/05\/carta-de-la-personera-a-la-institucion-educativa\/#primaryimage\"},\"thumbnailUrl\":\"https:\/\/reconstruccion.com.co\/wp-content\/uploads\/2022\/05\/WhatsApp_Image_2022-03-22_at_2.09.22_PM-removebg-preview-1.png\",\"datePublished\":\"2022-05-05T21:21:08+00:00\",\"dateModified\":\"2022-11-03T12:22:33+00:00\",\"author\":{\"@id\":\"https:\/\/reconstruccion.com.co\/#\/schema\/person\/6e84d823b41a3a2b266a531756419291\"},\"breadcrumb\":{\"@id\":\"https:\/\/reconstruccion.com.co\/index.php\/2022\/05\/05\/carta-de-la-personera-a-la-institucion-educativa\/#breadcrumb\"},\"inLanguage\":\"es\",\"potentialAction\":[{\"@type\":\"ReadAction\",\"target\":[\"https:\/\/reconstruccion.com.co\/index.php\/2022\/05\/05\/carta-de-la-personera-a-la-institucion-educativa\/\"]}]},{\"@type\":\"ImageObject\",\"inLanguage\":\"es\",\"@id\":\"https:\/\/reconstruccion.com.co\/index.php\/2022\/05\/05\/carta-de-la-personera-a-la-institucion-educativa\/#primaryimage\",\"url\":\"https:\/\/reconstruccion.com.co\/wp-content\/uploads\/2022\/05\/WhatsApp_Image_2022-03-22_at_2.09.22_PM-removebg-preview-1.png\",\"contentUrl\":\"https:\/\/reconstruccion.com.co\/wp-content\/uploads\/2022\/05\/WhatsApp_Image_2022-03-22_at_2.09.22_PM-removebg-preview-1.png\",\"width\":433,\"height\":577},{\"@type\":\"BreadcrumbList\",\"@id\":\"https:\/\/reconstruccion.com.co\/index.php\/2022\/05\/05\/carta-de-la-personera-a-la-institucion-educativa\/#breadcrumb\",\"itemListElement\":[{\"@type\":\"ListItem\",\"position\":1,\"name\":\"Portada\",\"item\":\"https:\/\/reconstruccion.com.co\/\"},{\"@type\":\"ListItem\",\"position\":2,\"name\":\"CARTA DE LA PERSONERA A LA INSTITUCI\u00d3N EDUCATIVA\"}]},{\"@type\":\"WebSite\",\"@id\":\"https:\/\/reconstruccion.com.co\/#website\",\"url\":\"https:\/\/reconstruccion.com.co\/\",\"name\":\"\",\"description\":\"Peri\u00f3dico Escolar Virtual\",\"potentialAction\":[{\"@type\":\"SearchAction\",\"target\":{\"@type\":\"EntryPoint\",\"urlTemplate\":\"https:\/\/reconstruccion.com.co\/?s={search_term_string}\"},\"query-input\":{\"@type\":\"PropertyValueSpecification\",\"valueRequired\":true,\"valueName\":\"search_term_string\"}}],\"inLanguage\":\"es\"},{\"@type\":\"Person\",\"@id\":\"https:\/\/reconstruccion.com.co\/#\/schema\/person\/6e84d823b41a3a2b266a531756419291\",\"name\":\"ANGELA QUI\u00d1ONEZ\",\"image\":{\"@type\":\"ImageObject\",\"inLanguage\":\"es\",\"@id\":\"https:\/\/reconstruccion.com.co\/#\/schema\/person\/image\/\",\"url\":\"https:\/\/secure.gravatar.com\/avatar\/03a2b39baf52c194a1ccba4171ca7375?s=96&d=mm&r=g\",\"contentUrl\":\"https:\/\/secure.gravatar.com\/avatar\/03a2b39baf52c194a1ccba4171ca7375?s=96&d=mm&r=g\",\"caption\":\"ANGELA QUI\u00d1ONEZ\"},\"url\":\"https:\/\/reconstruccion.com.co\/index.php\/author\/angela-quinonez\/\"}]}<\/script>\n<!-- \/ Yoast SEO plugin. -->","yoast_head_json":{"title":"CARTA DE LA PERSONERA A LA INSTITUCI\u00d3N EDUCATIVA -","robots":{"index":"index","follow":"follow","max-snippet":"max-snippet:-1","max-image-preview":"max-image-preview:large","max-video-preview":"max-video-preview:-1"},"canonical":"https:\/\/reconstruccion.com.co\/index.php\/2022\/05\/05\/carta-de-la-personera-a-la-institucion-educativa\/","og_locale":"es_ES","og_type":"article","og_title":"CARTA DE LA PERSONERA A LA INSTITUCI\u00d3N EDUCATIVA -","og_description":"Maria Jose Bojorge Personera Soy Mar\u00eda Jos\u00e9 Bojorge, personera de la Instituci\u00f3n Educativa INEM Francisco...","og_url":"https:\/\/reconstruccion.com.co\/index.php\/2022\/05\/05\/carta-de-la-personera-a-la-institucion-educativa\/","article_published_time":"2022-05-05T21:21:08+00:00","article_modified_time":"2022-11-03T12:22:33+00:00","og_image":[{"width":433,"height":577,"url":"https:\/\/reconstruccion.com.co\/wp-content\/uploads\/2022\/05\/WhatsApp_Image_2022-03-22_at_2.09.22_PM-removebg-preview-1.png","type":"image\/png"}],"author":"ANGELA QUI\u00d1ONEZ","twitter_card":"summary_large_image","twitter_misc":{"Escrito por":"ANGELA QUI\u00d1ONEZ","Tiempo de lectura":"2 minutos"},"schema":{"@context":"https:\/\/schema.org","@graph":[{"@type":"WebPage","@id":"https:\/\/reconstruccion.com.co\/index.php\/2022\/05\/05\/carta-de-la-personera-a-la-institucion-educativa\/","url":"https:\/\/reconstruccion.com.co\/index.php\/2022\/05\/05\/carta-de-la-personera-a-la-institucion-educativa\/","name":"CARTA DE LA PERSONERA A LA INSTITUCI\u00d3N EDUCATIVA -","isPartOf":{"@id":"https:\/\/reconstruccion.com.co\/#website"},"primaryImageOfPage":{"@id":"https:\/\/reconstruccion.com.co\/index.php\/2022\/05\/05\/carta-de-la-personera-a-la-institucion-educativa\/#primaryimage"},"image":{"@id":"https:\/\/reconstruccion.com.co\/index.php\/2022\/05\/05\/carta-de-la-personera-a-la-institucion-educativa\/#primaryimage"},"thumbnailUrl":"https:\/\/reconstruccion.com.co\/wp-content\/uploads\/2022\/05\/WhatsApp_Image_2022-03-22_at_2.09.22_PM-removebg-preview-1.png","datePublished":"2022-05-05T21:21:08+00:00","dateModified":"2022-11-03T12:22:33+00:00","author":{"@id":"https:\/\/reconstruccion.com.co\/#\/schema\/person\/6e84d823b41a3a2b266a531756419291"},"breadcrumb":{"@id":"https:\/\/reconstruccion.com.co\/index.php\/2022\/05\/05\/carta-de-la-personera-a-la-institucion-educativa\/#breadcrumb"},"inLanguage":"es","potentialAction":[{"@type":"ReadAction","target":["https:\/\/reconstruccion.com.co\/index.php\/2022\/05\/05\/carta-de-la-personera-a-la-institucion-educativa\/"]}]},{"@type":"ImageObject","inLanguage":"es","@id":"https:\/\/reconstruccion.com.co\/index.php\/2022\/05\/05\/carta-de-la-personera-a-la-institucion-educativa\/#primaryimage","url":"https:\/\/reconstruccion.com.co\/wp-content\/uploads\/2022\/05\/WhatsApp_Image_2022-03-22_at_2.09.22_PM-removebg-preview-1.png","contentUrl":"https:\/\/reconstruccion.com.co\/wp-content\/uploads\/2022\/05\/WhatsApp_Image_2022-03-22_at_2.09.22_PM-removebg-preview-1.png","width":433,"height":577},{"@type":"BreadcrumbList","@id":"https:\/\/reconstruccion.com.co\/index.php\/2022\/05\/05\/carta-de-la-personera-a-la-institucion-educativa\/#breadcrumb","itemListElement":[{"@type":"ListItem","position":1,"name":"Portada","item":"https:\/\/reconstruccion.com.co\/"},{"@type":"ListItem","position":2,"name":"CARTA DE LA PERSONERA A LA INSTITUCI\u00d3N EDUCATIVA"}]},{"@type":"WebSite","@id":"https:\/\/reconstruccion.com.co\/#website","url":"https:\/\/reconstruccion.com.co\/","name":"","description":"Peri\u00f3dico Escolar Virtual","potentialAction":[{"@type":"SearchAction","target":{"@type":"EntryPoint","urlTemplate":"https:\/\/reconstruccion.com.co\/?s={search_term_string}"},"query-input":{"@type":"PropertyValueSpecification","valueRequired":true,"valueName":"search_term_string"}}],"inLanguage":"es"},{"@type":"Person","@id":"https:\/\/reconstruccion.com.co\/#\/schema\/person\/6e84d823b41a3a2b266a531756419291","name":"ANGELA QUI\u00d1ONEZ","image":{"@type":"ImageObject","inLanguage":"es","@id":"https:\/\/reconstruccion.com.co\/#\/schema\/person\/image\/","url":"https:\/\/secure.gravatar.com\/avatar\/03a2b39baf52c194a1ccba4171ca7375?s=96&d=mm&r=g","contentUrl":"https:\/\/secure.gravatar.com\/avatar\/03a2b39baf52c194a1ccba4171ca7375?s=96&d=mm&r=g","caption":"ANGELA QUI\u00d1ONEZ"},"url":"https:\/\/reconstruccion.com.co\/index.php\/author\/angela-quinonez\/"}]}},"featured_image_urls":{"full":["https:\/\/reconstruccion.com.co\/wp-content\/uploads\/2022\/05\/WhatsApp_Image_2022-03-22_at_2.09.22_PM-removebg-preview-1.png",433,577,false],"thumbnail":["https:\/\/reconstruccion.com.co\/wp-content\/uploads\/2022\/05\/WhatsApp_Image_2022-03-22_at_2.09.22_PM-removebg-preview-1.png",113,150,false],"medium":["https:\/\/reconstruccion.com.co\/wp-content\/uploads\/2022\/05\/WhatsApp_Image_2022-03-22_at_2.09.22_PM-removebg-preview-1.png",225,300,false],"medium_large":["https:\/\/reconstruccion.com.co\/wp-content\/uploads\/2022\/05\/WhatsApp_Image_2022-03-22_at_2.09.22_PM-removebg-preview-1.png",433,577,false],"large":["https:\/\/reconstruccion.com.co\/wp-content\/uploads\/2022\/05\/WhatsApp_Image_2022-03-22_at_2.09.22_PM-removebg-preview-1.png",433,577,false],"1536x1536":["https:\/\/reconstruccion.com.co\/wp-content\/uploads\/2022\/05\/WhatsApp_Image_2022-03-22_at_2.09.22_PM-removebg-preview-1.png",433,577,false],"2048x2048":["https:\/\/reconstruccion.com.co\/wp-content\/uploads\/2022\/05\/WhatsApp_Image_2022-03-22_at_2.09.22_PM-removebg-preview-1.png",433,577,false],"newsever-slider-full":["https:\/\/reconstruccion.com.co\/wp-content\/uploads\/2022\/05\/WhatsApp_Image_2022-03-22_at_2.09.22_PM-removebg-preview-1.png",433,577,false],"newsever-featured":["https:\/\/reconstruccion.com.co\/wp-content\/uploads\/2022\/05\/WhatsApp_Image_2022-03-22_at_2.09.22_PM-removebg-preview-1.png",433,577,false],"newsever-medium":["https:\/\/reconstruccion.com.co\/wp-content\/uploads\/2022\/05\/WhatsApp_Image_2022-03-22_at_2.09.22_PM-removebg-preview-1.png",356,475,false]},"author_info":{"display_name":"ANGELA QUI\u00d1ONEZ","author_link":"https:\/\/reconstruccion.com.co\/index.php\/author\/angela-quinonez\/"},"category_info":"<a href=\"https:\/\/reconstruccion.com.co\/index.php\/categorias\/sociales\/\" rel=\"category tag\">Sociales<\/a>","tag_info":"Sociales","comment_count":"0","_links":{"self":[{"href":"https:\/\/reconstruccion.com.co\/index.php\/wp-json\/wp\/v2\/posts\/679"}],"collection":[{"href":"https:\/\/reconstruccion.com.co\/index.php\/wp-json\/wp\/v2\/posts"}],"about":[{"href":"https:\/\/reconstruccion.com.co\/index.php\/wp-json\/wp\/v2\/types\/post"}],"author":[{"embeddable":true,"href":"https:\/\/reconstruccion.com.co\/index.php\/wp-json\/wp\/v2\/users\/2"}],"replies":[{"embeddable":true,"href":"https:\/\/reconstruccion.com.co\/index.php\/wp-json\/wp\/v2\/comments?post=679"}],"version-history":[{"count":12,"href":"https:\/\/reconstruccion.com.co\/index.php\/wp-json\/wp\/v2\/posts\/679\/revisions"}],"predecessor-version":[{"id":1372,"href":"https:\/\/reconstruccion.com.co\/index.php\/wp-json\/wp\/v2\/posts\/679\/revisions\/1372"}],"wp:featuredmedia":[{"embeddable":true,"href":"https:\/\/reconstruccion.com.co\/index.php\/wp-json\/wp\/v2\/media\/699"}],"wp:attachment":[{"href":"https:\/\/reconstruccion.com.co\/index.php\/wp-json\/wp\/v2\/media?parent=679"}],"wp:term":[{"taxonomy":"category","embeddable":true,"href":"https:\/\/reconstruccion.com.co\/index.php\/wp-json\/wp\/v2\/categories?post=679"},{"taxonomy":"post_tag","embeddable":true,"href":"https:\/\/reconstruccion.com.co\/index.php\/wp-json\/wp\/v2\/tags?post=679"}],"curies":[{"name":"wp","href":"https:\/\/api.w.org\/{rel}","templated":true}]}}