{"id":3649,"date":"2026-04-28T23:08:06","date_gmt":"2026-04-28T23:08:06","guid":{"rendered":"https:\/\/reconstruccion.com.co\/?p=3649"},"modified":"2026-05-01T23:01:56","modified_gmt":"2026-05-01T23:01:56","slug":"celebracion-dia-del-idioma-espanol","status":"publish","type":"post","link":"https:\/\/reconstruccion.com.co\/index.php\/2026\/04\/28\/celebracion-dia-del-idioma-espanol\/","title":{"rendered":"CELEBRACI\u00d3N D\u00cdA DEL IDIOMA ESPA\u00d1OL"},"content":{"rendered":"\t\t<div data-elementor-type=\"wp-post\" data-elementor-id=\"3649\" class=\"elementor elementor-3649\">\n\t\t\t\t\t\t<section class=\"elementor-section elementor-top-section elementor-element elementor-element-0cc683b elementor-section-boxed elementor-section-height-default elementor-section-height-default\" data-id=\"0cc683b\" data-element_type=\"section\">\n\t\t\t\t\t\t<div class=\"elementor-container elementor-column-gap-default\">\n\t\t\t\t\t<div class=\"elementor-column elementor-col-100 elementor-top-column elementor-element elementor-element-7479e7d\" data-id=\"7479e7d\" data-element_type=\"column\">\n\t\t\t<div class=\"elementor-widget-wrap elementor-element-populated\">\n\t\t\t\t\t\t<div class=\"elementor-element elementor-element-903129f elementor-widget elementor-widget-heading\" data-id=\"903129f\" data-element_type=\"widget\" data-widget_type=\"heading.default\">\n\t\t\t\t<div class=\"elementor-widget-container\">\n\t\t\t\t\t<h2 class=\"elementor-heading-title elementor-size-default\">La instituci\u00f3n educativa INEM Francisco Jos\u00e9 de caldas de Popay\u00e1n\n celebran el d\u00eda del Idioma espa\u00f1ol.\n<\/h2>\t\t\t\t<\/div>\n\t\t\t\t<\/div>\n\t\t\t\t\t<\/div>\n\t\t<\/div>\n\t\t\t\t\t<\/div>\n\t\t<\/section>\n\t\t\t\t<section class=\"elementor-section elementor-top-section elementor-element elementor-element-f43db34 elementor-section-boxed elementor-section-height-default elementor-section-height-default\" data-id=\"f43db34\" data-element_type=\"section\">\n\t\t\t\t\t\t<div class=\"elementor-container elementor-column-gap-default\">\n\t\t\t\t\t<div class=\"elementor-column elementor-col-100 elementor-top-column elementor-element elementor-element-54f27d5\" data-id=\"54f27d5\" data-element_type=\"column\">\n\t\t\t<div class=\"elementor-widget-wrap elementor-element-populated\">\n\t\t\t\t\t\t<div class=\"elementor-element elementor-element-4312fc5 elementor-widget elementor-widget-text-editor\" data-id=\"4312fc5\" data-element_type=\"widget\" data-widget_type=\"text-editor.default\">\n\t\t\t\t<div class=\"elementor-widget-container\">\n\t\t\t\t\t\t\t\t\t<p>Las palabras son mucho m\u00e1s que sonidos o letras: son herramientas poderosas que nos permiten acercarnos a los dem\u00e1s, comprendernos y construir relaciones basadas en el respeto. Cuando usamos palabras amables, claras y respetuosas, creamos puentes que nos unen. En cambio, el uso inadecuado del lenguaje puede generar malos entendidos, heridas y divisiones.<\/p><p>\u00a0<\/p>\t\t\t\t\t\t\t\t<\/div>\n\t\t\t\t<\/div>\n\t\t\t\t\t<\/div>\n\t\t<\/div>\n\t\t\t\t\t<\/div>\n\t\t<\/section>\n\t\t\t\t<section class=\"elementor-section elementor-top-section elementor-element elementor-element-c502f5b elementor-section-boxed elementor-section-height-default elementor-section-height-default\" data-id=\"c502f5b\" data-element_type=\"section\">\n\t\t\t\t\t\t<div class=\"elementor-container elementor-column-gap-default\">\n\t\t\t\t\t<div class=\"elementor-column elementor-col-100 elementor-top-column elementor-element elementor-element-428c304\" data-id=\"428c304\" data-element_type=\"column\">\n\t\t\t<div class=\"elementor-widget-wrap elementor-element-populated\">\n\t\t\t\t\t\t<div class=\"elementor-element elementor-element-16bfa58 elementor-arrows-position-inside elementor-pagination-position-outside elementor-widget elementor-widget-image-carousel\" data-id=\"16bfa58\" data-element_type=\"widget\" data-settings=\"{&quot;slides_to_scroll&quot;:&quot;2&quot;,&quot;navigation&quot;:&quot;both&quot;,&quot;autoplay&quot;:&quot;yes&quot;,&quot;pause_on_hover&quot;:&quot;yes&quot;,&quot;pause_on_interaction&quot;:&quot;yes&quot;,&quot;autoplay_speed&quot;:5000,&quot;infinite&quot;:&quot;yes&quot;,&quot;speed&quot;:500}\" data-widget_type=\"image-carousel.default\">\n\t\t\t\t<div class=\"elementor-widget-container\">\n\t\t\t\t\t\t\t<div class=\"elementor-image-carousel-wrapper swiper\" role=\"region\" aria-roledescription=\"carousel\" aria-label=\"\" dir=\"ltr\">\n\t\t\t<div class=\"elementor-image-carousel swiper-wrapper\" aria-live=\"off\">\n\t\t\t\t\t\t\t\t<div class=\"swiper-slide\" role=\"group\" aria-roledescription=\"slide\" aria-label=\"1 de 8\"><figure class=\"swiper-slide-inner\"><img decoding=\"async\" class=\"swiper-slide-image\" src=\"https:\/\/reconstruccion.com.co\/wp-content\/uploads\/2026\/04\/IMG_20260428_173944_978_x_829_pixel.jpg\" alt=\"IMG_20260428_173944_(978_x_829_p\u00edxel)\" \/><\/figure><\/div><div class=\"swiper-slide\" role=\"group\" aria-roledescription=\"slide\" aria-label=\"2 de 8\"><figure class=\"swiper-slide-inner\"><img decoding=\"async\" class=\"swiper-slide-image\" src=\"https:\/\/reconstruccion.com.co\/wp-content\/uploads\/2026\/04\/IMG_20260428_174221_978_x_829_pixel.jpg\" alt=\"IMG_20260428_174221_(978_x_829_p\u00edxel)\" \/><\/figure><\/div><div class=\"swiper-slide\" role=\"group\" aria-roledescription=\"slide\" aria-label=\"3 de 8\"><figure class=\"swiper-slide-inner\"><img decoding=\"async\" class=\"swiper-slide-image\" src=\"https:\/\/reconstruccion.com.co\/wp-content\/uploads\/2026\/04\/IMG_20260428_174108_978_x_829_pixel.jpg\" alt=\"IMG_20260428_174108_(978_x_829_p\u00edxel)\" \/><\/figure><\/div><div class=\"swiper-slide\" role=\"group\" aria-roledescription=\"slide\" aria-label=\"4 de 8\"><figure class=\"swiper-slide-inner\"><img decoding=\"async\" class=\"swiper-slide-image\" src=\"https:\/\/reconstruccion.com.co\/wp-content\/uploads\/2026\/04\/IMG_20260428_174200_978_x_829_pixel.jpg\" alt=\"IMG_20260428_174200_(978_x_829_p\u00edxel)\" \/><\/figure><\/div><div class=\"swiper-slide\" role=\"group\" aria-roledescription=\"slide\" aria-label=\"5 de 8\"><figure class=\"swiper-slide-inner\"><img decoding=\"async\" class=\"swiper-slide-image\" src=\"https:\/\/reconstruccion.com.co\/wp-content\/uploads\/2026\/04\/IMG_20260428_174244_978_x_829_pixel.jpg\" alt=\"IMG_20260428_174244_(978_x_829_p\u00edxel)\" \/><\/figure><\/div><div class=\"swiper-slide\" role=\"group\" aria-roledescription=\"slide\" aria-label=\"6 de 8\"><figure class=\"swiper-slide-inner\"><img decoding=\"async\" class=\"swiper-slide-image\" src=\"https:\/\/reconstruccion.com.co\/wp-content\/uploads\/2026\/04\/IMG_20260428_174311_978_x_829_pixel.jpg\" alt=\"IMG_20260428_174311_(978_x_829_p\u00edxel)\" \/><\/figure><\/div><div class=\"swiper-slide\" role=\"group\" aria-roledescription=\"slide\" aria-label=\"7 de 8\"><figure class=\"swiper-slide-inner\"><img decoding=\"async\" class=\"swiper-slide-image\" src=\"https:\/\/reconstruccion.com.co\/wp-content\/uploads\/2026\/04\/IMG_20260428_174340_978_x_829_pixel.jpg\" alt=\"IMG_20260428_174340_(978_x_829_p\u00edxel)\" \/><\/figure><\/div><div class=\"swiper-slide\" role=\"group\" aria-roledescription=\"slide\" aria-label=\"8 de 8\"><figure class=\"swiper-slide-inner\"><img decoding=\"async\" class=\"swiper-slide-image\" src=\"https:\/\/reconstruccion.com.co\/wp-content\/uploads\/2026\/04\/IMG_20260428_174411_978_x_829_pixel.jpg\" alt=\"IMG_20260428_174411_(978_x_829_p\u00edxel)\" \/><\/figure><\/div>\t\t\t<\/div>\n\t\t\t\t\t\t\t\t\t\t\t\t<div class=\"elementor-swiper-button elementor-swiper-button-prev\" role=\"button\" tabindex=\"0\">\n\t\t\t\t\t\t<i aria-hidden=\"true\" class=\"eicon-chevron-left\"><\/i>\t\t\t\t\t<\/div>\n\t\t\t\t\t<div class=\"elementor-swiper-button elementor-swiper-button-next\" role=\"button\" tabindex=\"0\">\n\t\t\t\t\t\t<i aria-hidden=\"true\" class=\"eicon-chevron-right\"><\/i>\t\t\t\t\t<\/div>\n\t\t\t\t\n\t\t\t\t\t\t\t\t\t<div class=\"swiper-pagination\"><\/div>\n\t\t\t\t\t\t\t\t\t<\/div>\n\t\t\t\t\t\t<\/div>\n\t\t\t\t<\/div>\n\t\t\t\t\t<\/div>\n\t\t<\/div>\n\t\t\t\t\t<\/div>\n\t\t<\/section>\n\t\t\t\t<section class=\"elementor-section elementor-top-section elementor-element elementor-element-39f3e95 elementor-section-boxed elementor-section-height-default elementor-section-height-default\" data-id=\"39f3e95\" data-element_type=\"section\">\n\t\t\t\t\t\t<div class=\"elementor-container elementor-column-gap-default\">\n\t\t\t\t\t<div class=\"elementor-column elementor-col-100 elementor-top-column elementor-element elementor-element-78f09ee\" data-id=\"78f09ee\" data-element_type=\"column\">\n\t\t\t<div class=\"elementor-widget-wrap elementor-element-populated\">\n\t\t\t\t\t\t<div class=\"elementor-element elementor-element-c166348 elementor-widget elementor-widget-text-editor\" data-id=\"c166348\" data-element_type=\"widget\" data-widget_type=\"text-editor.default\">\n\t\t\t\t<div class=\"elementor-widget-container\">\n\t\t\t\t\t\t\t\t\t<p>\u00a0En nuestro colegio celebramos el d\u00eda del idioma destacando a los mejores estudiantes con un excelente desempe\u00f1o en la asignatura de lengua castellana, de otra parte, se realiz\u00f3 una actividad llena de creatividad, aprendizaje y participaci\u00f3n. Los alumnos dieron muestra de sus talentos a trav\u00e9s del concurso de ortograf\u00eda, lecturas, poes\u00edas, baile y el muro de palabras, Cada intervenci\u00f3n fue una muestra del esfuerzo y el inter\u00e9s por fortalecer nuestras habilidades educativas.<\/p><p>\u00a0<\/p>\t\t\t\t\t\t\t\t<\/div>\n\t\t\t\t<\/div>\n\t\t\t\t\t<\/div>\n\t\t<\/div>\n\t\t\t\t\t<\/div>\n\t\t<\/section>\n\t\t\t\t<section class=\"elementor-section elementor-top-section elementor-element elementor-element-9d3ced0 elementor-section-boxed elementor-section-height-default elementor-section-height-default\" data-id=\"9d3ced0\" data-element_type=\"section\">\n\t\t\t\t\t\t<div class=\"elementor-container elementor-column-gap-default\">\n\t\t\t\t\t<div class=\"elementor-column elementor-col-100 elementor-top-column elementor-element elementor-element-3cfb189\" data-id=\"3cfb189\" data-element_type=\"column\">\n\t\t\t<div class=\"elementor-widget-wrap elementor-element-populated\">\n\t\t\t\t\t\t<div class=\"elementor-element elementor-element-26654e0 elementor-widget elementor-widget-image\" data-id=\"26654e0\" data-element_type=\"widget\" data-widget_type=\"image.default\">\n\t\t\t\t<div class=\"elementor-widget-container\">\n\t\t\t\t\t\t\t\t\t\t\t\t\t\t\t<img fetchpriority=\"high\" decoding=\"async\" width=\"640\" height=\"954\" src=\"https:\/\/reconstruccion.com.co\/wp-content\/uploads\/2026\/04\/IMG-20260427-WA0033-e1777416925901-687x1024.jpg\" class=\"attachment-large size-large wp-image-3678\" alt=\"\" srcset=\"https:\/\/reconstruccion.com.co\/wp-content\/uploads\/2026\/04\/IMG-20260427-WA0033-e1777416925901-687x1024.jpg 687w, https:\/\/reconstruccion.com.co\/wp-content\/uploads\/2026\/04\/IMG-20260427-WA0033-e1777416925901-201x300.jpg 201w, https:\/\/reconstruccion.com.co\/wp-content\/uploads\/2026\/04\/IMG-20260427-WA0033-e1777416925901-768x1144.jpg 768w, https:\/\/reconstruccion.com.co\/wp-content\/uploads\/2026\/04\/IMG-20260427-WA0033-e1777416925901.jpg 914w\" sizes=\"(max-width: 640px) 100vw, 640px\" \/>\t\t\t\t\t\t\t\t\t\t\t\t\t\t\t<\/div>\n\t\t\t\t<\/div>\n\t\t\t\t\t<\/div>\n\t\t<\/div>\n\t\t\t\t\t<\/div>\n\t\t<\/section>\n\t\t\t\t<section class=\"elementor-section elementor-top-section elementor-element elementor-element-2252384 elementor-section-boxed elementor-section-height-default elementor-section-height-default\" data-id=\"2252384\" data-element_type=\"section\">\n\t\t\t\t\t\t<div class=\"elementor-container elementor-column-gap-default\">\n\t\t\t\t\t<div class=\"elementor-column elementor-col-100 elementor-top-column elementor-element elementor-element-6ee663d\" data-id=\"6ee663d\" data-element_type=\"column\">\n\t\t\t<div class=\"elementor-widget-wrap elementor-element-populated\">\n\t\t\t\t\t\t<div class=\"elementor-element elementor-element-5e55f1c elementor-widget elementor-widget-text-editor\" data-id=\"5e55f1c\" data-element_type=\"widget\" data-widget_type=\"text-editor.default\">\n\t\t\t\t<div class=\"elementor-widget-container\">\n\t\t\t\t\t\t\t\t\t<p>Durante la celebraci\u00f3n, recordamos la, importancia de nuestro idioma y rendimos homenaje a Miguel de Cervantes Saavedra, destacando el valor de las palabras como herramienta para educarnos, aprender y construir una mejor convivencia.<\/p><p>Sin duda fue un espacio enriquecedor que nos invita a seguir valorando el poder de las palabras en nuestra vida diaria.<\/p><p>\u00a0<\/p>\t\t\t\t\t\t\t\t<\/div>\n\t\t\t\t<\/div>\n\t\t\t\t\t<\/div>\n\t\t<\/div>\n\t\t\t\t\t<\/div>\n\t\t<\/section>\n\t\t\t\t<section class=\"elementor-section elementor-top-section elementor-element elementor-element-b4221ee elementor-section-boxed elementor-section-height-default elementor-section-height-default\" data-id=\"b4221ee\" data-element_type=\"section\">\n\t\t\t\t\t\t<div class=\"elementor-container elementor-column-gap-default\">\n\t\t\t\t\t<div class=\"elementor-column elementor-col-100 elementor-top-column elementor-element elementor-element-77c4a98\" data-id=\"77c4a98\" data-element_type=\"column\">\n\t\t\t<div class=\"elementor-widget-wrap elementor-element-populated\">\n\t\t\t\t\t\t<div class=\"elementor-element elementor-element-a3739b1 elementor-widget elementor-widget-image\" data-id=\"a3739b1\" data-element_type=\"widget\" data-widget_type=\"image.default\">\n\t\t\t\t<div class=\"elementor-widget-container\">\n\t\t\t\t\t\t\t\t\t\t\t\t\t\t\t<img decoding=\"async\" width=\"640\" height=\"363\" src=\"https:\/\/reconstruccion.com.co\/wp-content\/uploads\/2026\/04\/IMG-20260427-WA0072-e1777417552446-1024x581.jpg\" class=\"attachment-large size-large wp-image-3686\" alt=\"\" srcset=\"https:\/\/reconstruccion.com.co\/wp-content\/uploads\/2026\/04\/IMG-20260427-WA0072-e1777417552446-1024x581.jpg 1024w, https:\/\/reconstruccion.com.co\/wp-content\/uploads\/2026\/04\/IMG-20260427-WA0072-e1777417552446-300x170.jpg 300w, https:\/\/reconstruccion.com.co\/wp-content\/uploads\/2026\/04\/IMG-20260427-WA0072-e1777417552446-768x436.jpg 768w, https:\/\/reconstruccion.com.co\/wp-content\/uploads\/2026\/04\/IMG-20260427-WA0072-e1777417552446.jpg 1410w\" sizes=\"(max-width: 640px) 100vw, 640px\" \/>\t\t\t\t\t\t\t\t\t\t\t\t\t\t\t<\/div>\n\t\t\t\t<\/div>\n\t\t\t\t\t<\/div>\n\t\t<\/div>\n\t\t\t\t\t<\/div>\n\t\t<\/section>\n\t\t\t\t<\/div>\n\t\t","protected":false},"excerpt":{"rendered":"<p>La instituci\u00f3n educativa INEM Francisco Jos\u00e9 de caldas de Popay\u00e1n celebran el d\u00eda del Idioma&#8230;<\/p>\n","protected":false},"author":16,"featured_media":3651,"comment_status":"closed","ping_status":"open","sticky":false,"template":"","format":"standard","meta":{"footnotes":""},"categories":[14],"tags":[],"class_list":["post-3649","post","type-post","status-publish","format-standard","has-post-thumbnail","hentry","category-institucional"],"yoast_head":"<!-- This site is optimized with the Yoast SEO plugin v24.6 - https:\/\/yoast.com\/wordpress\/plugins\/seo\/ -->\n<title>CELEBRACI\u00d3N D\u00cdA DEL IDIOMA ESPA\u00d1OL -<\/title>\n<meta name=\"robots\" content=\"index, follow, max-snippet:-1, max-image-preview:large, max-video-preview:-1\" \/>\n<link rel=\"canonical\" href=\"https:\/\/reconstruccion.com.co\/index.php\/2026\/04\/28\/celebracion-dia-del-idioma-espanol\/\" \/>\n<meta property=\"og:locale\" content=\"es_ES\" \/>\n<meta property=\"og:type\" content=\"article\" \/>\n<meta property=\"og:title\" content=\"CELEBRACI\u00d3N D\u00cdA DEL IDIOMA ESPA\u00d1OL -\" \/>\n<meta property=\"og:description\" content=\"La instituci\u00f3n educativa INEM Francisco Jos\u00e9 de caldas de Popay\u00e1n celebran el d\u00eda del Idioma...\" \/>\n<meta property=\"og:url\" content=\"https:\/\/reconstruccion.com.co\/index.php\/2026\/04\/28\/celebracion-dia-del-idioma-espanol\/\" \/>\n<meta property=\"article:published_time\" content=\"2026-04-28T23:08:06+00:00\" \/>\n<meta property=\"article:modified_time\" content=\"2026-05-01T23:01:56+00:00\" \/>\n<meta property=\"og:image\" content=\"https:\/\/reconstruccion.com.co\/wp-content\/uploads\/2026\/04\/FB_IMG_1777410916434-1-e1777412903428.jpg\" \/>\n\t<meta property=\"og:image:width\" content=\"1832\" \/>\n\t<meta property=\"og:image:height\" content=\"1239\" \/>\n\t<meta property=\"og:image:type\" content=\"image\/jpeg\" \/>\n<meta name=\"author\" content=\"STEFANIA FERNANDEZ\" \/>\n<meta name=\"twitter:card\" content=\"summary_large_image\" \/>\n<meta name=\"twitter:label1\" content=\"Escrito por\" \/>\n\t<meta name=\"twitter:data1\" content=\"STEFANIA FERNANDEZ\" \/>\n\t<meta name=\"twitter:label2\" content=\"Tiempo de lectura\" \/>\n\t<meta name=\"twitter:data2\" content=\"5 minutos\" \/>\n<script type=\"application\/ld+json\" class=\"yoast-schema-graph\">{\"@context\":\"https:\/\/schema.org\",\"@graph\":[{\"@type\":\"WebPage\",\"@id\":\"https:\/\/reconstruccion.com.co\/index.php\/2026\/04\/28\/celebracion-dia-del-idioma-espanol\/\",\"url\":\"https:\/\/reconstruccion.com.co\/index.php\/2026\/04\/28\/celebracion-dia-del-idioma-espanol\/\",\"name\":\"CELEBRACI\u00d3N D\u00cdA DEL IDIOMA ESPA\u00d1OL -\",\"isPartOf\":{\"@id\":\"https:\/\/reconstruccion.com.co\/#website\"},\"primaryImageOfPage\":{\"@id\":\"https:\/\/reconstruccion.com.co\/index.php\/2026\/04\/28\/celebracion-dia-del-idioma-espanol\/#primaryimage\"},\"image\":{\"@id\":\"https:\/\/reconstruccion.com.co\/index.php\/2026\/04\/28\/celebracion-dia-del-idioma-espanol\/#primaryimage\"},\"thumbnailUrl\":\"https:\/\/reconstruccion.com.co\/wp-content\/uploads\/2026\/04\/FB_IMG_1777410916434-1-e1777412903428.jpg\",\"datePublished\":\"2026-04-28T23:08:06+00:00\",\"dateModified\":\"2026-05-01T23:01:56+00:00\",\"author\":{\"@id\":\"https:\/\/reconstruccion.com.co\/#\/schema\/person\/09aa58a03097426016d37bea2cd21118\"},\"breadcrumb\":{\"@id\":\"https:\/\/reconstruccion.com.co\/index.php\/2026\/04\/28\/celebracion-dia-del-idioma-espanol\/#breadcrumb\"},\"inLanguage\":\"es\",\"potentialAction\":[{\"@type\":\"ReadAction\",\"target\":[\"https:\/\/reconstruccion.com.co\/index.php\/2026\/04\/28\/celebracion-dia-del-idioma-espanol\/\"]}]},{\"@type\":\"ImageObject\",\"inLanguage\":\"es\",\"@id\":\"https:\/\/reconstruccion.com.co\/index.php\/2026\/04\/28\/celebracion-dia-del-idioma-espanol\/#primaryimage\",\"url\":\"https:\/\/reconstruccion.com.co\/wp-content\/uploads\/2026\/04\/FB_IMG_1777410916434-1-e1777412903428.jpg\",\"contentUrl\":\"https:\/\/reconstruccion.com.co\/wp-content\/uploads\/2026\/04\/FB_IMG_1777410916434-1-e1777412903428.jpg\",\"width\":1832,\"height\":1239},{\"@type\":\"BreadcrumbList\",\"@id\":\"https:\/\/reconstruccion.com.co\/index.php\/2026\/04\/28\/celebracion-dia-del-idioma-espanol\/#breadcrumb\",\"itemListElement\":[{\"@type\":\"ListItem\",\"position\":1,\"name\":\"Portada\",\"item\":\"https:\/\/reconstruccion.com.co\/\"},{\"@type\":\"ListItem\",\"position\":2,\"name\":\"CELEBRACI\u00d3N D\u00cdA DEL IDIOMA ESPA\u00d1OL\"}]},{\"@type\":\"WebSite\",\"@id\":\"https:\/\/reconstruccion.com.co\/#website\",\"url\":\"https:\/\/reconstruccion.com.co\/\",\"name\":\"\",\"description\":\"Peri\u00f3dico Escolar Virtual\",\"potentialAction\":[{\"@type\":\"SearchAction\",\"target\":{\"@type\":\"EntryPoint\",\"urlTemplate\":\"https:\/\/reconstruccion.com.co\/?s={search_term_string}\"},\"query-input\":{\"@type\":\"PropertyValueSpecification\",\"valueRequired\":true,\"valueName\":\"search_term_string\"}}],\"inLanguage\":\"es\"},{\"@type\":\"Person\",\"@id\":\"https:\/\/reconstruccion.com.co\/#\/schema\/person\/09aa58a03097426016d37bea2cd21118\",\"name\":\"STEFANIA FERNANDEZ\",\"image\":{\"@type\":\"ImageObject\",\"inLanguage\":\"es\",\"@id\":\"https:\/\/reconstruccion.com.co\/#\/schema\/person\/image\/\",\"url\":\"https:\/\/secure.gravatar.com\/avatar\/dd10c5a4664498285d5a73c05f7e226d?s=96&d=mm&r=g\",\"contentUrl\":\"https:\/\/secure.gravatar.com\/avatar\/dd10c5a4664498285d5a73c05f7e226d?s=96&d=mm&r=g\",\"caption\":\"STEFANIA FERNANDEZ\"},\"url\":\"https:\/\/reconstruccion.com.co\/index.php\/author\/stefania-fernandezinempopayan-edu-co\/\"}]}<\/script>\n<!-- \/ Yoast SEO plugin. -->","yoast_head_json":{"title":"CELEBRACI\u00d3N D\u00cdA DEL IDIOMA ESPA\u00d1OL -","robots":{"index":"index","follow":"follow","max-snippet":"max-snippet:-1","max-image-preview":"max-image-preview:large","max-video-preview":"max-video-preview:-1"},"canonical":"https:\/\/reconstruccion.com.co\/index.php\/2026\/04\/28\/celebracion-dia-del-idioma-espanol\/","og_locale":"es_ES","og_type":"article","og_title":"CELEBRACI\u00d3N D\u00cdA DEL IDIOMA ESPA\u00d1OL -","og_description":"La instituci\u00f3n educativa INEM Francisco Jos\u00e9 de caldas de Popay\u00e1n celebran el d\u00eda del Idioma...","og_url":"https:\/\/reconstruccion.com.co\/index.php\/2026\/04\/28\/celebracion-dia-del-idioma-espanol\/","article_published_time":"2026-04-28T23:08:06+00:00","article_modified_time":"2026-05-01T23:01:56+00:00","og_image":[{"width":1832,"height":1239,"url":"https:\/\/reconstruccion.com.co\/wp-content\/uploads\/2026\/04\/FB_IMG_1777410916434-1-e1777412903428.jpg","type":"image\/jpeg"}],"author":"STEFANIA FERNANDEZ","twitter_card":"summary_large_image","twitter_misc":{"Escrito por":"STEFANIA FERNANDEZ","Tiempo de lectura":"5 minutos"},"schema":{"@context":"https:\/\/schema.org","@graph":[{"@type":"WebPage","@id":"https:\/\/reconstruccion.com.co\/index.php\/2026\/04\/28\/celebracion-dia-del-idioma-espanol\/","url":"https:\/\/reconstruccion.com.co\/index.php\/2026\/04\/28\/celebracion-dia-del-idioma-espanol\/","name":"CELEBRACI\u00d3N D\u00cdA DEL IDIOMA ESPA\u00d1OL -","isPartOf":{"@id":"https:\/\/reconstruccion.com.co\/#website"},"primaryImageOfPage":{"@id":"https:\/\/reconstruccion.com.co\/index.php\/2026\/04\/28\/celebracion-dia-del-idioma-espanol\/#primaryimage"},"image":{"@id":"https:\/\/reconstruccion.com.co\/index.php\/2026\/04\/28\/celebracion-dia-del-idioma-espanol\/#primaryimage"},"thumbnailUrl":"https:\/\/reconstruccion.com.co\/wp-content\/uploads\/2026\/04\/FB_IMG_1777410916434-1-e1777412903428.jpg","datePublished":"2026-04-28T23:08:06+00:00","dateModified":"2026-05-01T23:01:56+00:00","author":{"@id":"https:\/\/reconstruccion.com.co\/#\/schema\/person\/09aa58a03097426016d37bea2cd21118"},"breadcrumb":{"@id":"https:\/\/reconstruccion.com.co\/index.php\/2026\/04\/28\/celebracion-dia-del-idioma-espanol\/#breadcrumb"},"inLanguage":"es","potentialAction":[{"@type":"ReadAction","target":["https:\/\/reconstruccion.com.co\/index.php\/2026\/04\/28\/celebracion-dia-del-idioma-espanol\/"]}]},{"@type":"ImageObject","inLanguage":"es","@id":"https:\/\/reconstruccion.com.co\/index.php\/2026\/04\/28\/celebracion-dia-del-idioma-espanol\/#primaryimage","url":"https:\/\/reconstruccion.com.co\/wp-content\/uploads\/2026\/04\/FB_IMG_1777410916434-1-e1777412903428.jpg","contentUrl":"https:\/\/reconstruccion.com.co\/wp-content\/uploads\/2026\/04\/FB_IMG_1777410916434-1-e1777412903428.jpg","width":1832,"height":1239},{"@type":"BreadcrumbList","@id":"https:\/\/reconstruccion.com.co\/index.php\/2026\/04\/28\/celebracion-dia-del-idioma-espanol\/#breadcrumb","itemListElement":[{"@type":"ListItem","position":1,"name":"Portada","item":"https:\/\/reconstruccion.com.co\/"},{"@type":"ListItem","position":2,"name":"CELEBRACI\u00d3N D\u00cdA DEL IDIOMA ESPA\u00d1OL"}]},{"@type":"WebSite","@id":"https:\/\/reconstruccion.com.co\/#website","url":"https:\/\/reconstruccion.com.co\/","name":"","description":"Peri\u00f3dico Escolar Virtual","potentialAction":[{"@type":"SearchAction","target":{"@type":"EntryPoint","urlTemplate":"https:\/\/reconstruccion.com.co\/?s={search_term_string}"},"query-input":{"@type":"PropertyValueSpecification","valueRequired":true,"valueName":"search_term_string"}}],"inLanguage":"es"},{"@type":"Person","@id":"https:\/\/reconstruccion.com.co\/#\/schema\/person\/09aa58a03097426016d37bea2cd21118","name":"STEFANIA FERNANDEZ","image":{"@type":"ImageObject","inLanguage":"es","@id":"https:\/\/reconstruccion.com.co\/#\/schema\/person\/image\/","url":"https:\/\/secure.gravatar.com\/avatar\/dd10c5a4664498285d5a73c05f7e226d?s=96&d=mm&r=g","contentUrl":"https:\/\/secure.gravatar.com\/avatar\/dd10c5a4664498285d5a73c05f7e226d?s=96&d=mm&r=g","caption":"STEFANIA FERNANDEZ"},"url":"https:\/\/reconstruccion.com.co\/index.php\/author\/stefania-fernandezinempopayan-edu-co\/"}]}},"featured_image_urls":{"full":["https:\/\/reconstruccion.com.co\/wp-content\/uploads\/2026\/04\/FB_IMG_1777410916434-1-e1777412903428.jpg",1832,1239,false],"thumbnail":["https:\/\/reconstruccion.com.co\/wp-content\/uploads\/2026\/04\/FB_IMG_1777410916434-1-e1777412903428-150x150.jpg",150,150,true],"medium":["https:\/\/reconstruccion.com.co\/wp-content\/uploads\/2026\/04\/FB_IMG_1777410916434-1-e1777412903428-300x203.jpg",300,203,true],"medium_large":["https:\/\/reconstruccion.com.co\/wp-content\/uploads\/2026\/04\/FB_IMG_1777410916434-1-e1777412903428-768x519.jpg",640,433,true],"large":["https:\/\/reconstruccion.com.co\/wp-content\/uploads\/2026\/04\/FB_IMG_1777410916434-1-e1777412903428-1024x693.jpg",640,433,true],"1536x1536":["https:\/\/reconstruccion.com.co\/wp-content\/uploads\/2026\/04\/FB_IMG_1777410916434-1-e1777412903428-1536x1039.jpg",1536,1039,true],"2048x2048":["https:\/\/reconstruccion.com.co\/wp-content\/uploads\/2026\/04\/FB_IMG_1777410916434-1-e1777412903428.jpg",1832,1239,false],"newsever-slider-full":["https:\/\/reconstruccion.com.co\/wp-content\/uploads\/2026\/04\/FB_IMG_1777410916434-1-e1777412903428-1280x845.jpg",1280,845,true],"newsever-featured":["https:\/\/reconstruccion.com.co\/wp-content\/uploads\/2026\/04\/FB_IMG_1777410916434-1-e1777412903428-1024x693.jpg",1024,693,true],"newsever-medium":["https:\/\/reconstruccion.com.co\/wp-content\/uploads\/2026\/04\/FB_IMG_1777410916434-1-e1777412903428-720x475.jpg",720,475,true]},"author_info":{"display_name":"STEFANIA FERNANDEZ","author_link":"https:\/\/reconstruccion.com.co\/index.php\/author\/stefania-fernandezinempopayan-edu-co\/"},"category_info":"<a href=\"https:\/\/reconstruccion.com.co\/index.php\/categorias\/institucional\/\" rel=\"category tag\">Institucional<\/a>","tag_info":"Institucional","comment_count":"0","_links":{"self":[{"href":"https:\/\/reconstruccion.com.co\/index.php\/wp-json\/wp\/v2\/posts\/3649"}],"collection":[{"href":"https:\/\/reconstruccion.com.co\/index.php\/wp-json\/wp\/v2\/posts"}],"about":[{"href":"https:\/\/reconstruccion.com.co\/index.php\/wp-json\/wp\/v2\/types\/post"}],"author":[{"embeddable":true,"href":"https:\/\/reconstruccion.com.co\/index.php\/wp-json\/wp\/v2\/users\/16"}],"replies":[{"embeddable":true,"href":"https:\/\/reconstruccion.com.co\/index.php\/wp-json\/wp\/v2\/comments?post=3649"}],"version-history":[{"count":28,"href":"https:\/\/reconstruccion.com.co\/index.php\/wp-json\/wp\/v2\/posts\/3649\/revisions"}],"predecessor-version":[{"id":3698,"href":"https:\/\/reconstruccion.com.co\/index.php\/wp-json\/wp\/v2\/posts\/3649\/revisions\/3698"}],"wp:featuredmedia":[{"embeddable":true,"href":"https:\/\/reconstruccion.com.co\/index.php\/wp-json\/wp\/v2\/media\/3651"}],"wp:attachment":[{"href":"https:\/\/reconstruccion.com.co\/index.php\/wp-json\/wp\/v2\/media?parent=3649"}],"wp:term":[{"taxonomy":"category","embeddable":true,"href":"https:\/\/reconstruccion.com.co\/index.php\/wp-json\/wp\/v2\/categories?post=3649"},{"taxonomy":"post_tag","embeddable":true,"href":"https:\/\/reconstruccion.com.co\/index.php\/wp-json\/wp\/v2\/tags?post=3649"}],"curies":[{"name":"wp","href":"https:\/\/api.w.org\/{rel}","templated":true}]}}