{"id":3558,"date":"2026-03-13T14:55:08","date_gmt":"2026-03-13T14:55:08","guid":{"rendered":"https:\/\/reconstruccion.com.co\/?p=3558"},"modified":"2026-04-16T01:11:33","modified_gmt":"2026-04-16T01:11:33","slug":"marzomes-de-la-mujer","status":"publish","type":"post","link":"https:\/\/reconstruccion.com.co\/index.php\/2026\/03\/13\/marzomes-de-la-mujer\/","title":{"rendered":"MARZO, MES DE LA MUJER"},"content":{"rendered":"\t\t<div data-elementor-type=\"wp-post\" data-elementor-id=\"3558\" class=\"elementor elementor-3558\">\n\t\t\t\t\t\t<section class=\"elementor-section elementor-top-section elementor-element elementor-element-38202ec3 elementor-section-full_width elementor-section-height-default elementor-section-height-default\" data-id=\"38202ec3\" data-element_type=\"section\">\n\t\t\t\t\t\t<div class=\"elementor-container elementor-column-gap-default\">\n\t\t\t\t\t<div class=\"elementor-column elementor-col-100 elementor-top-column elementor-element elementor-element-28734057\" data-id=\"28734057\" data-element_type=\"column\">\n\t\t\t<div class=\"elementor-widget-wrap elementor-element-populated\">\n\t\t\t\t\t\t<div class=\"elementor-element elementor-element-12c5434 elespare-section-title-elespare-left elementor-widget elementor-widget-post-author\" data-id=\"12c5434\" data-element_type=\"widget\" data-widget_type=\"post-author.default\">\n\t\t\t\t<div class=\"elementor-widget-container\">\n\t\t\t\t\t    <div class=\"elespare-widget-auhtor-wrapper\">\n            <div class=\"elespare-author-wrapper author-style-1\">\n                  <div class=\"elespare-img-wrap\">\n            <img decoding=\"async\" width=\"150\" height=\"150\" src=\"https:\/\/reconstruccion.com.co\/wp-content\/uploads\/2026\/03\/GERARDO-150x150.png\" class=\"elementor-animation-disable-animation attachment-thumbnail size-thumbnail wp-image-3562\" alt=\"\" \/>          <\/div>\n                <div class=\"elespare-author-info-wrap\">\n          <h2 class=\"elespare-infobox-title\"><a target=\"_blank\" href=\"#\">Gerardo Salazar Salazar<\/a><\/h2>          <div class=\"elespare-social-links\">\n                                                            \n          <\/div>\n        <\/div>\n      <\/div>\n\n    <\/div>\n\n\t\t\t\t<\/div>\n\t\t\t\t<\/div>\n\t\t\t\t<div class=\"elementor-element elementor-element-c2be051 elementor-widget elementor-widget-text-editor\" data-id=\"c2be051\" data-element_type=\"widget\" data-widget_type=\"text-editor.default\">\n\t\t\t\t<div class=\"elementor-widget-container\">\n\t\t\t\t\t\t\t\t\t<p><span style=\"color: #000000;\"><strong>MUJERES QUE CAMBIAN LA HISTORIA RECORDANDO LA HAZA\u00d1A DE KATHERINE SWITZER EN EL D\u00cdA DE LA MUJER <\/strong><\/span><\/p><p><span style=\"color: #000000;\"><strong>\u00a0 \u00a0 \u00a0 \u00a0 \u00a0 \u00a0 \u00a0 \u00a0 \u00a0 \u00a0 \u00a0 \u00a0 \u00a0 \u00a0 \u00a0 \u00a0 \u00a0 \u00a0 \u00a0 \u00a0 \u00a0 \u00a0 \u00a0 \u00a0 \u00a0 \u00a0 \u00a0 \u00a0 \u00a0 \u00a0 \u00a0 \u00a0 \u00a0 \u00a0En la busqueda de igualdad de derechos\u00a0<\/strong><\/span><\/p><p>Katherine Switzer, se despert\u00f3 seguramente al amanecer aquella ma\u00f1ana glaciar de abril en 1967, en su mente estaba claro el objetivo, ser la primera mujer en correr oficialmente una marat\u00f3n, actividad reservada \u00fanicamente para los hombres en esas calendas, Bost\u00f3n era el lugar perfecto, hab\u00eda empezado a correr desde los 12 a\u00f1os, queriendo hacer parte del equipo de hockey, su padre la animo a trotar una milla diaria; lo que la convirti\u00f3 en una persona segura y empoderada.<\/p><p>Cuando quiso correr la Marat\u00f3n de Bost\u00f3n sin titubear Arnie Briggs un entrenador de cross-country le dijo \u201clas mujeres no pueden correr la marat\u00f3n de Bost\u00f3n\u201d, sin embargo, luego de una tensa discusi\u00f3n le dijo que si pod\u00eda demostrarle que pod\u00eda correr los 42 kilometros la llevar\u00eda, lo hizo y el cumpli\u00f3 su palabra, la inscribi\u00f3 con sus iniciales, como no hab\u00eda nada sobre genero en el formulario, los organizadores dieron por sentado que era un hombre y le asignaron el n\u00famero 261.<\/p><p>En la l\u00ednea de salida, sent\u00eda la emoci\u00f3n y los nervios, mientras la nieve cruzaba sobre su cara con un viento fuerte; hab\u00eda querido correr en camiseta apropiada para la ocasi\u00f3n, pero hac\u00eda tanto frio que corri\u00f3 con el su\u00e9ter, aunque esto oper\u00f3 a su favor, porque todos parec\u00edan iguales, con esos sacos anchos y ninguno se dio cuenta que era una mujer en medio de esa multitud de hombres.<\/p><p>Paulatinamente durante la carrera se fue evidenciando su presencia, la prensa la vio y se escuchaba que hab\u00eda una chica con un n\u00famero en la carrera y empezaron a tomar fotos, pens\u00f3 que solo ser\u00eda eso, pero desde atr\u00e1s un organizador la segu\u00eda con mirada furiosa, la empujo y trato de quitarle el n\u00famero, grit\u00e1ndole al tiempo que se retirar\u00e1 de la carrera, su novio la protegi\u00f3 y continuo corriendo con rabia, pero seg\u00fan comenta, luego del kil\u00f3metro 21, deja ese sentimiento y se apodera de su mente el desafi\u00f3 y la responsabilidad que llevaba en su pecho, representar a las mujeres del mundo, fue entonces cuando recobr\u00f3 la conciencia de que ten\u00eda que terminar la carrera al precio que fuera, porque si no lo hac\u00eda nadie creer\u00eda que las mujeres pueden estar en una marat\u00f3n.<\/p><p>Las fotos del instante, muestran al mundo la alta dosis de discriminaci\u00f3n hacia las mujeres en el deporte, no obstante, en el momento que fue atacada por parte de uno de los organizadores, sell\u00f3 el destino para las mujeres corredoras del mundo. Este hecho, en una \u00e9poca en que los hombres consideraban que las mujeres no eran capaces de correr m\u00e1s de una milla y media (2.4. kil\u00f3metros) tuvo tal referencia, que su legado persiste.<\/p><p>A pesar de los obst\u00e1culos logr\u00f3 pasar la meta, hab\u00eda corrido en circunstancias dif\u00edciles, se hab\u00eda atrevido a desafiar ideas anticuadas y machistas, hab\u00eda abierto un camino, un plan para si misma y para todas las mujeres en el deporte; por eso hoy en el d\u00eda internacional de la mujer, queremos felicitar a todas las mujeres, a aquellas que participan activamente en el deporte, en el atletismo, que recuerden que atr\u00e1s alguien luch\u00f3 por sus derechos, para que hoy esa discriminaci\u00f3n sea cosa del pasado<\/p>\t\t\t\t\t\t\t\t<\/div>\n\t\t\t\t<\/div>\n\t\t\t\t\t<\/div>\n\t\t<\/div>\n\t\t\t\t\t<\/div>\n\t\t<\/section>\n\t\t\t\t<section class=\"elementor-section elementor-top-section elementor-element elementor-element-aad7fd9 elementor-section-boxed elementor-section-height-default elementor-section-height-default\" data-id=\"aad7fd9\" data-element_type=\"section\">\n\t\t\t\t\t\t<div class=\"elementor-container elementor-column-gap-default\">\n\t\t\t\t\t<div class=\"elementor-column elementor-col-100 elementor-top-column elementor-element elementor-element-63e6049\" data-id=\"63e6049\" data-element_type=\"column\">\n\t\t\t<div class=\"elementor-widget-wrap elementor-element-populated\">\n\t\t\t\t\t\t<div class=\"elementor-element elementor-element-edbed0e elementor-widget elementor-widget-image\" data-id=\"edbed0e\" data-element_type=\"widget\" data-widget_type=\"image.default\">\n\t\t\t\t<div class=\"elementor-widget-container\">\n\t\t\t\t\t\t\t\t\t\t\t\t\t\t\t<img fetchpriority=\"high\" decoding=\"async\" width=\"640\" height=\"426\" src=\"https:\/\/reconstruccion.com.co\/wp-content\/uploads\/2026\/03\/DIA-DE-LA-MUJER.png\" class=\"attachment-large size-large wp-image-3559\" alt=\"\" srcset=\"https:\/\/reconstruccion.com.co\/wp-content\/uploads\/2026\/03\/DIA-DE-LA-MUJER.png 800w, https:\/\/reconstruccion.com.co\/wp-content\/uploads\/2026\/03\/DIA-DE-LA-MUJER-300x200.png 300w, https:\/\/reconstruccion.com.co\/wp-content\/uploads\/2026\/03\/DIA-DE-LA-MUJER-768x511.png 768w\" sizes=\"(max-width: 640px) 100vw, 640px\" \/>\t\t\t\t\t\t\t\t\t\t\t\t\t\t\t<\/div>\n\t\t\t\t<\/div>\n\t\t\t\t<div class=\"elementor-element elementor-element-427cad6 elementor-widget elementor-widget-text-editor\" data-id=\"427cad6\" data-element_type=\"widget\" data-widget_type=\"text-editor.default\">\n\t\t\t\t<div class=\"elementor-widget-container\">\n\t\t\t\t\t\t\t\t\t<p><span style=\"color: #000000;\"><strong>Katherine Switzer se convirti\u00f3 en un s\u00edmbolo del atletismo a nivel mundial, luego de ser la primera mujer en correr una marat\u00f3n el 19 de abril de 1967.<\/strong><\/span><\/p>\t\t\t\t\t\t\t\t<\/div>\n\t\t\t\t<\/div>\n\t\t\t\t\t<\/div>\n\t\t<\/div>\n\t\t\t\t\t<\/div>\n\t\t<\/section>\n\t\t\t\t<section class=\"elementor-section elementor-top-section elementor-element elementor-element-514daa8 elementor-section-boxed elementor-section-height-default elementor-section-height-default\" data-id=\"514daa8\" data-element_type=\"section\">\n\t\t\t\t\t\t<div class=\"elementor-container elementor-column-gap-default\">\n\t\t\t\t\t<div class=\"elementor-column elementor-col-50 elementor-top-column elementor-element elementor-element-c7825cb\" data-id=\"c7825cb\" data-element_type=\"column\">\n\t\t\t<div class=\"elementor-widget-wrap elementor-element-populated\">\n\t\t\t\t\t\t<div class=\"elementor-element elementor-element-0befae8 elementor-widget elementor-widget-image\" data-id=\"0befae8\" data-element_type=\"widget\" data-widget_type=\"image.default\">\n\t\t\t\t<div class=\"elementor-widget-container\">\n\t\t\t\t\t\t\t\t\t\t\t\t\t\t\t<img decoding=\"async\" width=\"640\" height=\"297\" src=\"https:\/\/reconstruccion.com.co\/wp-content\/uploads\/2026\/03\/MUJER-2.png\" class=\"attachment-large size-large wp-image-3560\" alt=\"\" srcset=\"https:\/\/reconstruccion.com.co\/wp-content\/uploads\/2026\/03\/MUJER-2.png 862w, https:\/\/reconstruccion.com.co\/wp-content\/uploads\/2026\/03\/MUJER-2-300x139.png 300w, https:\/\/reconstruccion.com.co\/wp-content\/uploads\/2026\/03\/MUJER-2-768x356.png 768w\" sizes=\"(max-width: 640px) 100vw, 640px\" \/>\t\t\t\t\t\t\t\t\t\t\t\t\t\t\t<\/div>\n\t\t\t\t<\/div>\n\t\t\t\t<div class=\"elementor-element elementor-element-d7e09fe elementor-widget elementor-widget-text-editor\" data-id=\"d7e09fe\" data-element_type=\"widget\" data-widget_type=\"text-editor.default\">\n\t\t\t\t<div class=\"elementor-widget-container\">\n\t\t\t\t\t\t\t\t\t<p><span style=\"color: #000000;\"><strong>Instante preciso, en que es defendida del organizador, que le quiso arrebatar el n\u00famero y retirarla de la marat\u00f3n de Bost\u00f3n.<\/strong><\/span><\/p>\t\t\t\t\t\t\t\t<\/div>\n\t\t\t\t<\/div>\n\t\t\t\t\t<\/div>\n\t\t<\/div>\n\t\t\t\t<div class=\"elementor-column elementor-col-50 elementor-top-column elementor-element elementor-element-0ae259e\" data-id=\"0ae259e\" data-element_type=\"column\">\n\t\t\t<div class=\"elementor-widget-wrap elementor-element-populated\">\n\t\t\t\t\t\t<div class=\"elementor-element elementor-element-9269d70 elementor-widget elementor-widget-image\" data-id=\"9269d70\" data-element_type=\"widget\" data-widget_type=\"image.default\">\n\t\t\t\t<div class=\"elementor-widget-container\">\n\t\t\t\t\t\t\t\t\t\t\t\t\t\t\t<img loading=\"lazy\" decoding=\"async\" width=\"612\" height=\"413\" src=\"https:\/\/reconstruccion.com.co\/wp-content\/uploads\/2026\/03\/m.-DESTACADA.png\" class=\"attachment-large size-large wp-image-3561\" alt=\"\" srcset=\"https:\/\/reconstruccion.com.co\/wp-content\/uploads\/2026\/03\/m.-DESTACADA.png 612w, https:\/\/reconstruccion.com.co\/wp-content\/uploads\/2026\/03\/m.-DESTACADA-300x202.png 300w\" sizes=\"(max-width: 612px) 100vw, 612px\" \/>\t\t\t\t\t\t\t\t\t\t\t\t\t\t\t<\/div>\n\t\t\t\t<\/div>\n\t\t\t\t<div class=\"elementor-element elementor-element-761601d elementor-widget elementor-widget-text-editor\" data-id=\"761601d\" data-element_type=\"widget\" data-widget_type=\"text-editor.default\">\n\t\t\t\t<div class=\"elementor-widget-container\">\n\t\t\t\t\t\t\t\t\t<p><span style=\"color: #000000;\"><strong>Quiz\u00e1, sea este el segundo en que se apodera de su mente el desafi\u00f3 y la responsabilidad que llevaba en su pecho, representar a las mujeres del mundo y solo decidi\u00f3 seguir hacia la meta.<\/strong><\/span><\/p>\t\t\t\t\t\t\t\t<\/div>\n\t\t\t\t<\/div>\n\t\t\t\t\t<\/div>\n\t\t<\/div>\n\t\t\t\t\t<\/div>\n\t\t<\/section>\n\t\t\t\t<\/div>\n\t\t","protected":false},"excerpt":{"rendered":"<p>Gerardo Salazar Salazar MUJERES QUE CAMBIAN LA HISTORIA RECORDANDO LA HAZA\u00d1A DE KATHERINE SWITZER EN&#8230;<\/p>\n","protected":false},"author":16,"featured_media":3587,"comment_status":"closed","ping_status":"open","sticky":false,"template":"","format":"standard","meta":{"footnotes":""},"categories":[10],"tags":[],"class_list":["post-3558","post","type-post","status-publish","format-standard","has-post-thumbnail","hentry","category-opinion"],"yoast_head":"<!-- This site is optimized with the Yoast SEO plugin v24.6 - https:\/\/yoast.com\/wordpress\/plugins\/seo\/ -->\n<title>MARZO, MES DE LA MUJER -<\/title>\n<meta name=\"robots\" content=\"index, follow, max-snippet:-1, max-image-preview:large, max-video-preview:-1\" \/>\n<link rel=\"canonical\" href=\"https:\/\/reconstruccion.com.co\/index.php\/2026\/03\/13\/marzomes-de-la-mujer\/\" \/>\n<meta property=\"og:locale\" content=\"es_ES\" \/>\n<meta property=\"og:type\" content=\"article\" \/>\n<meta property=\"og:title\" content=\"MARZO, MES DE LA MUJER -\" \/>\n<meta property=\"og:description\" content=\"Gerardo Salazar Salazar MUJERES QUE CAMBIAN LA HISTORIA RECORDANDO LA HAZA\u00d1A DE KATHERINE SWITZER EN...\" \/>\n<meta property=\"og:url\" content=\"https:\/\/reconstruccion.com.co\/index.php\/2026\/03\/13\/marzomes-de-la-mujer\/\" \/>\n<meta property=\"article:published_time\" content=\"2026-03-13T14:55:08+00:00\" \/>\n<meta property=\"article:modified_time\" content=\"2026-04-16T01:11:33+00:00\" \/>\n<meta property=\"og:image\" content=\"https:\/\/reconstruccion.com.co\/wp-content\/uploads\/2026\/03\/360_F_1923654252_VPV7Xtt7ZarXowwpId60fRrRDFMCgQn6.jpg\" \/>\n\t<meta property=\"og:image:width\" content=\"484\" \/>\n\t<meta property=\"og:image:height\" content=\"360\" \/>\n\t<meta property=\"og:image:type\" content=\"image\/jpeg\" \/>\n<meta name=\"author\" content=\"STEFANIA FERNANDEZ\" \/>\n<meta name=\"twitter:card\" content=\"summary_large_image\" \/>\n<meta name=\"twitter:label1\" content=\"Escrito por\" \/>\n\t<meta name=\"twitter:data1\" content=\"STEFANIA FERNANDEZ\" \/>\n\t<meta name=\"twitter:label2\" content=\"Tiempo de lectura\" \/>\n\t<meta name=\"twitter:data2\" content=\"4 minutos\" \/>\n<script type=\"application\/ld+json\" class=\"yoast-schema-graph\">{\"@context\":\"https:\/\/schema.org\",\"@graph\":[{\"@type\":\"WebPage\",\"@id\":\"https:\/\/reconstruccion.com.co\/index.php\/2026\/03\/13\/marzomes-de-la-mujer\/\",\"url\":\"https:\/\/reconstruccion.com.co\/index.php\/2026\/03\/13\/marzomes-de-la-mujer\/\",\"name\":\"MARZO, MES DE LA MUJER -\",\"isPartOf\":{\"@id\":\"https:\/\/reconstruccion.com.co\/#website\"},\"primaryImageOfPage\":{\"@id\":\"https:\/\/reconstruccion.com.co\/index.php\/2026\/03\/13\/marzomes-de-la-mujer\/#primaryimage\"},\"image\":{\"@id\":\"https:\/\/reconstruccion.com.co\/index.php\/2026\/03\/13\/marzomes-de-la-mujer\/#primaryimage\"},\"thumbnailUrl\":\"https:\/\/reconstruccion.com.co\/wp-content\/uploads\/2026\/03\/360_F_1923654252_VPV7Xtt7ZarXowwpId60fRrRDFMCgQn6.jpg\",\"datePublished\":\"2026-03-13T14:55:08+00:00\",\"dateModified\":\"2026-04-16T01:11:33+00:00\",\"author\":{\"@id\":\"https:\/\/reconstruccion.com.co\/#\/schema\/person\/09aa58a03097426016d37bea2cd21118\"},\"breadcrumb\":{\"@id\":\"https:\/\/reconstruccion.com.co\/index.php\/2026\/03\/13\/marzomes-de-la-mujer\/#breadcrumb\"},\"inLanguage\":\"es\",\"potentialAction\":[{\"@type\":\"ReadAction\",\"target\":[\"https:\/\/reconstruccion.com.co\/index.php\/2026\/03\/13\/marzomes-de-la-mujer\/\"]}]},{\"@type\":\"ImageObject\",\"inLanguage\":\"es\",\"@id\":\"https:\/\/reconstruccion.com.co\/index.php\/2026\/03\/13\/marzomes-de-la-mujer\/#primaryimage\",\"url\":\"https:\/\/reconstruccion.com.co\/wp-content\/uploads\/2026\/03\/360_F_1923654252_VPV7Xtt7ZarXowwpId60fRrRDFMCgQn6.jpg\",\"contentUrl\":\"https:\/\/reconstruccion.com.co\/wp-content\/uploads\/2026\/03\/360_F_1923654252_VPV7Xtt7ZarXowwpId60fRrRDFMCgQn6.jpg\",\"width\":484,\"height\":360},{\"@type\":\"BreadcrumbList\",\"@id\":\"https:\/\/reconstruccion.com.co\/index.php\/2026\/03\/13\/marzomes-de-la-mujer\/#breadcrumb\",\"itemListElement\":[{\"@type\":\"ListItem\",\"position\":1,\"name\":\"Portada\",\"item\":\"https:\/\/reconstruccion.com.co\/\"},{\"@type\":\"ListItem\",\"position\":2,\"name\":\"MARZO, MES DE LA MUJER\"}]},{\"@type\":\"WebSite\",\"@id\":\"https:\/\/reconstruccion.com.co\/#website\",\"url\":\"https:\/\/reconstruccion.com.co\/\",\"name\":\"\",\"description\":\"Peri\u00f3dico Escolar Virtual\",\"potentialAction\":[{\"@type\":\"SearchAction\",\"target\":{\"@type\":\"EntryPoint\",\"urlTemplate\":\"https:\/\/reconstruccion.com.co\/?s={search_term_string}\"},\"query-input\":{\"@type\":\"PropertyValueSpecification\",\"valueRequired\":true,\"valueName\":\"search_term_string\"}}],\"inLanguage\":\"es\"},{\"@type\":\"Person\",\"@id\":\"https:\/\/reconstruccion.com.co\/#\/schema\/person\/09aa58a03097426016d37bea2cd21118\",\"name\":\"STEFANIA FERNANDEZ\",\"image\":{\"@type\":\"ImageObject\",\"inLanguage\":\"es\",\"@id\":\"https:\/\/reconstruccion.com.co\/#\/schema\/person\/image\/\",\"url\":\"https:\/\/secure.gravatar.com\/avatar\/dd10c5a4664498285d5a73c05f7e226d?s=96&d=mm&r=g\",\"contentUrl\":\"https:\/\/secure.gravatar.com\/avatar\/dd10c5a4664498285d5a73c05f7e226d?s=96&d=mm&r=g\",\"caption\":\"STEFANIA FERNANDEZ\"},\"url\":\"https:\/\/reconstruccion.com.co\/index.php\/author\/stefania-fernandezinempopayan-edu-co\/\"}]}<\/script>\n<!-- \/ Yoast SEO plugin. -->","yoast_head_json":{"title":"MARZO, MES DE LA MUJER -","robots":{"index":"index","follow":"follow","max-snippet":"max-snippet:-1","max-image-preview":"max-image-preview:large","max-video-preview":"max-video-preview:-1"},"canonical":"https:\/\/reconstruccion.com.co\/index.php\/2026\/03\/13\/marzomes-de-la-mujer\/","og_locale":"es_ES","og_type":"article","og_title":"MARZO, MES DE LA MUJER -","og_description":"Gerardo Salazar Salazar MUJERES QUE CAMBIAN LA HISTORIA RECORDANDO LA HAZA\u00d1A DE KATHERINE SWITZER EN...","og_url":"https:\/\/reconstruccion.com.co\/index.php\/2026\/03\/13\/marzomes-de-la-mujer\/","article_published_time":"2026-03-13T14:55:08+00:00","article_modified_time":"2026-04-16T01:11:33+00:00","og_image":[{"width":484,"height":360,"url":"https:\/\/reconstruccion.com.co\/wp-content\/uploads\/2026\/03\/360_F_1923654252_VPV7Xtt7ZarXowwpId60fRrRDFMCgQn6.jpg","type":"image\/jpeg"}],"author":"STEFANIA FERNANDEZ","twitter_card":"summary_large_image","twitter_misc":{"Escrito por":"STEFANIA FERNANDEZ","Tiempo de lectura":"4 minutos"},"schema":{"@context":"https:\/\/schema.org","@graph":[{"@type":"WebPage","@id":"https:\/\/reconstruccion.com.co\/index.php\/2026\/03\/13\/marzomes-de-la-mujer\/","url":"https:\/\/reconstruccion.com.co\/index.php\/2026\/03\/13\/marzomes-de-la-mujer\/","name":"MARZO, MES DE LA MUJER -","isPartOf":{"@id":"https:\/\/reconstruccion.com.co\/#website"},"primaryImageOfPage":{"@id":"https:\/\/reconstruccion.com.co\/index.php\/2026\/03\/13\/marzomes-de-la-mujer\/#primaryimage"},"image":{"@id":"https:\/\/reconstruccion.com.co\/index.php\/2026\/03\/13\/marzomes-de-la-mujer\/#primaryimage"},"thumbnailUrl":"https:\/\/reconstruccion.com.co\/wp-content\/uploads\/2026\/03\/360_F_1923654252_VPV7Xtt7ZarXowwpId60fRrRDFMCgQn6.jpg","datePublished":"2026-03-13T14:55:08+00:00","dateModified":"2026-04-16T01:11:33+00:00","author":{"@id":"https:\/\/reconstruccion.com.co\/#\/schema\/person\/09aa58a03097426016d37bea2cd21118"},"breadcrumb":{"@id":"https:\/\/reconstruccion.com.co\/index.php\/2026\/03\/13\/marzomes-de-la-mujer\/#breadcrumb"},"inLanguage":"es","potentialAction":[{"@type":"ReadAction","target":["https:\/\/reconstruccion.com.co\/index.php\/2026\/03\/13\/marzomes-de-la-mujer\/"]}]},{"@type":"ImageObject","inLanguage":"es","@id":"https:\/\/reconstruccion.com.co\/index.php\/2026\/03\/13\/marzomes-de-la-mujer\/#primaryimage","url":"https:\/\/reconstruccion.com.co\/wp-content\/uploads\/2026\/03\/360_F_1923654252_VPV7Xtt7ZarXowwpId60fRrRDFMCgQn6.jpg","contentUrl":"https:\/\/reconstruccion.com.co\/wp-content\/uploads\/2026\/03\/360_F_1923654252_VPV7Xtt7ZarXowwpId60fRrRDFMCgQn6.jpg","width":484,"height":360},{"@type":"BreadcrumbList","@id":"https:\/\/reconstruccion.com.co\/index.php\/2026\/03\/13\/marzomes-de-la-mujer\/#breadcrumb","itemListElement":[{"@type":"ListItem","position":1,"name":"Portada","item":"https:\/\/reconstruccion.com.co\/"},{"@type":"ListItem","position":2,"name":"MARZO, MES DE LA MUJER"}]},{"@type":"WebSite","@id":"https:\/\/reconstruccion.com.co\/#website","url":"https:\/\/reconstruccion.com.co\/","name":"","description":"Peri\u00f3dico Escolar Virtual","potentialAction":[{"@type":"SearchAction","target":{"@type":"EntryPoint","urlTemplate":"https:\/\/reconstruccion.com.co\/?s={search_term_string}"},"query-input":{"@type":"PropertyValueSpecification","valueRequired":true,"valueName":"search_term_string"}}],"inLanguage":"es"},{"@type":"Person","@id":"https:\/\/reconstruccion.com.co\/#\/schema\/person\/09aa58a03097426016d37bea2cd21118","name":"STEFANIA FERNANDEZ","image":{"@type":"ImageObject","inLanguage":"es","@id":"https:\/\/reconstruccion.com.co\/#\/schema\/person\/image\/","url":"https:\/\/secure.gravatar.com\/avatar\/dd10c5a4664498285d5a73c05f7e226d?s=96&d=mm&r=g","contentUrl":"https:\/\/secure.gravatar.com\/avatar\/dd10c5a4664498285d5a73c05f7e226d?s=96&d=mm&r=g","caption":"STEFANIA FERNANDEZ"},"url":"https:\/\/reconstruccion.com.co\/index.php\/author\/stefania-fernandezinempopayan-edu-co\/"}]}},"featured_image_urls":{"full":["https:\/\/reconstruccion.com.co\/wp-content\/uploads\/2026\/03\/360_F_1923654252_VPV7Xtt7ZarXowwpId60fRrRDFMCgQn6.jpg",484,360,false],"thumbnail":["https:\/\/reconstruccion.com.co\/wp-content\/uploads\/2026\/03\/360_F_1923654252_VPV7Xtt7ZarXowwpId60fRrRDFMCgQn6-150x150.jpg",150,150,true],"medium":["https:\/\/reconstruccion.com.co\/wp-content\/uploads\/2026\/03\/360_F_1923654252_VPV7Xtt7ZarXowwpId60fRrRDFMCgQn6-300x223.jpg",300,223,true],"medium_large":["https:\/\/reconstruccion.com.co\/wp-content\/uploads\/2026\/03\/360_F_1923654252_VPV7Xtt7ZarXowwpId60fRrRDFMCgQn6.jpg",484,360,false],"large":["https:\/\/reconstruccion.com.co\/wp-content\/uploads\/2026\/03\/360_F_1923654252_VPV7Xtt7ZarXowwpId60fRrRDFMCgQn6.jpg",484,360,false],"1536x1536":["https:\/\/reconstruccion.com.co\/wp-content\/uploads\/2026\/03\/360_F_1923654252_VPV7Xtt7ZarXowwpId60fRrRDFMCgQn6.jpg",484,360,false],"2048x2048":["https:\/\/reconstruccion.com.co\/wp-content\/uploads\/2026\/03\/360_F_1923654252_VPV7Xtt7ZarXowwpId60fRrRDFMCgQn6.jpg",484,360,false],"newsever-slider-full":["https:\/\/reconstruccion.com.co\/wp-content\/uploads\/2026\/03\/360_F_1923654252_VPV7Xtt7ZarXowwpId60fRrRDFMCgQn6.jpg",484,360,false],"newsever-featured":["https:\/\/reconstruccion.com.co\/wp-content\/uploads\/2026\/03\/360_F_1923654252_VPV7Xtt7ZarXowwpId60fRrRDFMCgQn6.jpg",484,360,false],"newsever-medium":["https:\/\/reconstruccion.com.co\/wp-content\/uploads\/2026\/03\/360_F_1923654252_VPV7Xtt7ZarXowwpId60fRrRDFMCgQn6.jpg",484,360,false]},"author_info":{"display_name":"STEFANIA FERNANDEZ","author_link":"https:\/\/reconstruccion.com.co\/index.php\/author\/stefania-fernandezinempopayan-edu-co\/"},"category_info":"<a href=\"https:\/\/reconstruccion.com.co\/index.php\/categorias\/opinion\/\" rel=\"category tag\">Opini\u00f3n<\/a>","tag_info":"Opini\u00f3n","comment_count":"0","_links":{"self":[{"href":"https:\/\/reconstruccion.com.co\/index.php\/wp-json\/wp\/v2\/posts\/3558"}],"collection":[{"href":"https:\/\/reconstruccion.com.co\/index.php\/wp-json\/wp\/v2\/posts"}],"about":[{"href":"https:\/\/reconstruccion.com.co\/index.php\/wp-json\/wp\/v2\/types\/post"}],"author":[{"embeddable":true,"href":"https:\/\/reconstruccion.com.co\/index.php\/wp-json\/wp\/v2\/users\/16"}],"replies":[{"embeddable":true,"href":"https:\/\/reconstruccion.com.co\/index.php\/wp-json\/wp\/v2\/comments?post=3558"}],"version-history":[{"count":4,"href":"https:\/\/reconstruccion.com.co\/index.php\/wp-json\/wp\/v2\/posts\/3558\/revisions"}],"predecessor-version":[{"id":3586,"href":"https:\/\/reconstruccion.com.co\/index.php\/wp-json\/wp\/v2\/posts\/3558\/revisions\/3586"}],"wp:featuredmedia":[{"embeddable":true,"href":"https:\/\/reconstruccion.com.co\/index.php\/wp-json\/wp\/v2\/media\/3587"}],"wp:attachment":[{"href":"https:\/\/reconstruccion.com.co\/index.php\/wp-json\/wp\/v2\/media?parent=3558"}],"wp:term":[{"taxonomy":"category","embeddable":true,"href":"https:\/\/reconstruccion.com.co\/index.php\/wp-json\/wp\/v2\/categories?post=3558"},{"taxonomy":"post_tag","embeddable":true,"href":"https:\/\/reconstruccion.com.co\/index.php\/wp-json\/wp\/v2\/tags?post=3558"}],"curies":[{"name":"wp","href":"https:\/\/api.w.org\/{rel}","templated":true}]}}