{"id":1413,"date":"2022-11-22T17:12:59","date_gmt":"2022-11-22T17:12:59","guid":{"rendered":"http:\/\/reconstruccion.com.co\/?p=1413"},"modified":"2022-11-22T21:44:37","modified_gmt":"2022-11-22T21:44:37","slug":"i-e-inem-francisco-jose-de-caldas","status":"publish","type":"post","link":"https:\/\/reconstruccion.com.co\/index.php\/2022\/11\/22\/i-e-inem-francisco-jose-de-caldas\/","title":{"rendered":"I. E. INEM \u201cFRANCISCO JOS\u00c9 DE CALDAS\u201d"},"content":{"rendered":"\t\t<div data-elementor-type=\"wp-post\" data-elementor-id=\"1413\" class=\"elementor elementor-1413\">\n\t\t\t\t\t\t<section class=\"elementor-section elementor-top-section elementor-element elementor-element-6547c359 elementor-section-boxed elementor-section-height-default elementor-section-height-default\" data-id=\"6547c359\" data-element_type=\"section\">\n\t\t\t\t\t\t<div class=\"elementor-container elementor-column-gap-default\">\n\t\t\t\t\t<div class=\"elementor-column elementor-col-100 elementor-top-column elementor-element elementor-element-7ef098f6\" data-id=\"7ef098f6\" data-element_type=\"column\">\n\t\t\t<div class=\"elementor-widget-wrap elementor-element-populated\">\n\t\t\t\t\t\t<div class=\"elementor-element elementor-element-7c3e418c elementor-widget elementor-widget-text-editor\" data-id=\"7c3e418c\" data-element_type=\"widget\" data-widget_type=\"text-editor.default\">\n\t\t\t\t<div class=\"elementor-widget-container\">\n\t\t\t\t\t\t\t\t\t\n<p>Pasado, presente y futuro<\/p>\n\t\t\t\t\t\t\t\t<\/div>\n\t\t\t\t<\/div>\n\t\t\t\t\t<\/div>\n\t\t<\/div>\n\t\t\t\t\t<\/div>\n\t\t<\/section>\n\t\t\t\t<section class=\"elementor-section elementor-top-section elementor-element elementor-element-791df8ee elementor-section-full_width elementor-section-height-default elementor-section-height-default\" data-id=\"791df8ee\" data-element_type=\"section\">\n\t\t\t\t\t\t<div class=\"elementor-container elementor-column-gap-default\">\n\t\t\t\t\t<div class=\"elementor-column elementor-col-100 elementor-top-column elementor-element elementor-element-36f26e0e\" data-id=\"36f26e0e\" data-element_type=\"column\">\n\t\t\t<div class=\"elementor-widget-wrap elementor-element-populated\">\n\t\t\t\t\t\t<div class=\"elementor-element elementor-element-557fc592 elespare-section-title-elespare-left elementor-widget elementor-widget-post-author\" data-id=\"557fc592\" data-element_type=\"widget\" data-widget_type=\"post-author.default\">\n\t\t\t\t<div class=\"elementor-widget-container\">\n\t\t\t\t\t    <div class=\"elespare-widget-auhtor-wrapper\">\n            <div class=\"elespare-author-wrapper author-style-1\">\n                  <div class=\"elespare-img-wrap\">\n            <img decoding=\"async\" width=\"119\" height=\"150\" src=\"https:\/\/reconstruccion.com.co\/wp-content\/uploads\/2022\/11\/Foto.jpg\" class=\"elementor-animation-disable-animation attachment-thumbnail size-thumbnail wp-image-1416\" alt=\"\" \/>          <\/div>\n                <div class=\"elespare-author-info-wrap\">\n          <h2 class=\"elespare-infobox-title\"><a target=\"_blank\" href=\"#\">Donaldo Mendoza<\/a><\/h2><div class=\"elespare-infobox-desc\">\n<\/div>          <div class=\"elespare-social-links\">\n                                                            \n          <\/div>\n        <\/div>\n      <\/div>\n\n    <\/div>\n\n\t\t\t\t<\/div>\n\t\t\t\t<\/div>\n\t\t\t\t<div class=\"elementor-element elementor-element-3767e3fd elementor-widget elementor-widget-text-editor\" data-id=\"3767e3fd\" data-element_type=\"widget\" data-widget_type=\"text-editor.default\">\n\t\t\t\t<div class=\"elementor-widget-container\">\n\t\t\t\t\t\t\t\t\t<p>\u00a0I. E. INEM \u201cFRANCISCO JOS\u00c9 DE CALDAS\u201d<\/p>\n<p>Pasado, presente y futuro<\/p>\n<p>Por Donaldo Mendoza<\/p>\n<p>\u00a0<\/p>\n<p>\u00a0 \u00a01972, a\u00f1o en que comenzaron a funcionar la mayor\u00eda de los INEM del pa\u00eds, no fue el tiempo m\u00e1s acogedor para su propuesta de \u2018educaci\u00f3n diversificada\u2019. En efecto, antes y despu\u00e9s de ese a\u00f1o, Colombia viv\u00eda un estallido social protagonizado por el movimiento estudiantil de colegios y universidades oficiales. La esperanza de un gobierno \u2018popular\u2019 (Gustavo Rojas Pinilla) se vio frustrada por una elecci\u00f3n (Misael Pastrana Borrero) mancillada por la duda del fraude. Y sin esperanza, la raz\u00f3n queda suspendida y las emociones se exacerban.<\/p>\n<p>\u00a0\u00a0 \u00a0El movimiento estudiantil, y los sindicatos que lo apoyaban, ten\u00edan servida la bandera de combate: la implementaci\u00f3n en Colombia de un modelo educativo que en Estados Unidos estaba dando buenos resultados, el bachillerato diversificado. \u00a1Ah\u00ed fue Troya! Poco importaba si el modelo era bueno o malo; bastaba que viniera de USA para decir que era una estratagema del imperio para convertir a los futuros bachilleres en \u201cmano de obra barata\u201d. Y el prejuicio se gritaba como consigna en las manifestaciones. \u201cDame un prejuicio y mover\u00e9 el mundo\u201d, reza un aforismo. Pero no contaban los \u2018combatientes\u2019 que quien implementaba el modelo era en ese momento un obstinado estadista: Carlos Lleras Restrepo (1966-1970). Dos a\u00f1os despu\u00e9s los INEM eran ya una realidad.<\/p>\n<p>\u00a0\u00a0 \u00a0No se necesit\u00f3 mucho tiempo para demostrar que la propuesta educativa del sistema INEM era lo m\u00e1s \u00fatil y conveniente para estudiantes provenientes de estratos uno, dos y tres. Recu\u00e9rdese que hasta la d\u00e9cada del setenta en muchas de las ciudades intermedias no hab\u00eda universidades p\u00fablicas ni privadas; en ese escenario, la mayor\u00eda de j\u00f3venes egresados de colegios con bachillerato cl\u00e1sico no pod\u00edan seguir estudios superiores, ni tampoco hallar un trabajo digno, dado que ese bachiller \u2018sab\u00eda de todo\u2019, por no sab\u00eda hacer nada.<\/p>\n<p>\u00a0\u00a0 \u00a0Me toc\u00f3 en suerte ingresar como docente de espa\u00f1ol y literatura en el INEM de Popay\u00e1n en 1980. Mi asombro fue grande al encontrarme con un plantel que era muchos colegios a la vez. De las cosas curiosas e interesantes que hall\u00e9 fue que el colegio cl\u00e1sico hac\u00eda parte del sistema inemita, en las modalidades de Humanidades y Acad\u00e9mico; all\u00ed se matriculaban los que no pensaban en trabajo sino en seguir derecho hacia la universidad.<\/p>\n<p>\u00a0\u00a0 \u00a0Dos d\u00e9cadas fueron la edad de oro de los INEM. El nuestro parec\u00eda una universidad, por la cantidad de estudiantes (m\u00e1s de 3.500), la selecta planta docente y el organigrama administrativo de una instituci\u00f3n innovadora. La dotaci\u00f3n en laboratorios, talleres, ayudas educativas de todo tipo\u2026, era realmente asombrosa. A las aulas de todas las modalidades y\/o especialidades asist\u00edan grupos de m\u00e1s de 40 estudiantes que aprend\u00edan con entusiasmo y estudiaban con esfuerzo evidente.<\/p>\n<p>\u00a0\u00a0 \u00a0Es bastante distinto el INEM de hoy, porque son muy diferentes los tiempos. Son otras las expectativas de los estudiantes, otros los intereses econ\u00f3micos y culturales de la sociedad colombiana, inserta en la aldea global que es el mundo. Un mundo de realidades diversas: la tangible de ayer, y esta virtual de hoy que se mueve al ritmo de las tecnolog\u00edas de la informaci\u00f3n y las comunicaciones. En fin, un futuro que para mayores como yo es cada d\u00eda m\u00e1s nebuloso; pero que para ni\u00f1os y j\u00f3venes es de muchas preguntas a\u00fan por resolver.<\/p>\n<p>\u00a0<\/p>\t\t\t\t\t\t\t\t<\/div>\n\t\t\t\t<\/div>\n\t\t\t\t\t<\/div>\n\t\t<\/div>\n\t\t\t\t\t<\/div>\n\t\t<\/section>\n\t\t\t\t<\/div>\n\t\t","protected":false},"excerpt":{"rendered":"<p>Pasado, presente y futuro Donaldo Mendoza &nbsp;I. E. INEM \u201cFRANCISCO JOS\u00c9 DE CALDAS\u201d Pasado, presente&#8230;<\/p>\n","protected":false},"author":4,"featured_media":1420,"comment_status":"closed","ping_status":"open","sticky":false,"template":"","format":"standard","meta":{"footnotes":""},"categories":[10],"tags":[],"class_list":["post-1413","post","type-post","status-publish","format-standard","has-post-thumbnail","hentry","category-opinion"],"yoast_head":"<!-- This site is optimized with the Yoast SEO plugin v24.6 - https:\/\/yoast.com\/wordpress\/plugins\/seo\/ -->\n<title>I. E. INEM \u201cFRANCISCO JOS\u00c9 DE CALDAS\u201d -<\/title>\n<meta name=\"robots\" content=\"index, follow, max-snippet:-1, max-image-preview:large, max-video-preview:-1\" \/>\n<link rel=\"canonical\" href=\"https:\/\/reconstruccion.com.co\/index.php\/2022\/11\/22\/i-e-inem-francisco-jose-de-caldas\/\" \/>\n<meta property=\"og:locale\" content=\"es_ES\" \/>\n<meta property=\"og:type\" content=\"article\" \/>\n<meta property=\"og:title\" content=\"I. E. INEM \u201cFRANCISCO JOS\u00c9 DE CALDAS\u201d -\" \/>\n<meta property=\"og:description\" content=\"Pasado, presente y futuro Donaldo Mendoza &nbsp;I. E. INEM \u201cFRANCISCO JOS\u00c9 DE CALDAS\u201d Pasado, presente...\" \/>\n<meta property=\"og:url\" content=\"https:\/\/reconstruccion.com.co\/index.php\/2022\/11\/22\/i-e-inem-francisco-jose-de-caldas\/\" \/>\n<meta property=\"article:published_time\" content=\"2022-11-22T17:12:59+00:00\" \/>\n<meta property=\"article:modified_time\" content=\"2022-11-22T21:44:37+00:00\" \/>\n<meta property=\"og:image\" content=\"https:\/\/reconstruccion.com.co\/wp-content\/uploads\/2022\/11\/DSC01890def.jpg\" \/>\n\t<meta property=\"og:image:width\" content=\"3106\" \/>\n\t<meta property=\"og:image:height\" content=\"2356\" \/>\n\t<meta property=\"og:image:type\" content=\"image\/jpeg\" \/>\n<meta name=\"author\" content=\"CLARA IN\u00c9S RENGIFO\" \/>\n<meta name=\"twitter:card\" content=\"summary_large_image\" \/>\n<meta name=\"twitter:label1\" content=\"Escrito por\" \/>\n\t<meta name=\"twitter:data1\" content=\"CLARA IN\u00c9S RENGIFO\" \/>\n\t<meta name=\"twitter:label2\" content=\"Tiempo de lectura\" \/>\n\t<meta name=\"twitter:data2\" content=\"3 minutos\" \/>\n<script type=\"application\/ld+json\" class=\"yoast-schema-graph\">{\"@context\":\"https:\/\/schema.org\",\"@graph\":[{\"@type\":\"WebPage\",\"@id\":\"https:\/\/reconstruccion.com.co\/index.php\/2022\/11\/22\/i-e-inem-francisco-jose-de-caldas\/\",\"url\":\"https:\/\/reconstruccion.com.co\/index.php\/2022\/11\/22\/i-e-inem-francisco-jose-de-caldas\/\",\"name\":\"I. E. INEM \u201cFRANCISCO JOS\u00c9 DE CALDAS\u201d -\",\"isPartOf\":{\"@id\":\"https:\/\/reconstruccion.com.co\/#website\"},\"primaryImageOfPage\":{\"@id\":\"https:\/\/reconstruccion.com.co\/index.php\/2022\/11\/22\/i-e-inem-francisco-jose-de-caldas\/#primaryimage\"},\"image\":{\"@id\":\"https:\/\/reconstruccion.com.co\/index.php\/2022\/11\/22\/i-e-inem-francisco-jose-de-caldas\/#primaryimage\"},\"thumbnailUrl\":\"https:\/\/reconstruccion.com.co\/wp-content\/uploads\/2022\/11\/DSC00972.jpg\",\"datePublished\":\"2022-11-22T17:12:59+00:00\",\"dateModified\":\"2022-11-22T21:44:37+00:00\",\"author\":{\"@id\":\"https:\/\/reconstruccion.com.co\/#\/schema\/person\/94c33cd472ccc210607a97227bcbc55c\"},\"breadcrumb\":{\"@id\":\"https:\/\/reconstruccion.com.co\/index.php\/2022\/11\/22\/i-e-inem-francisco-jose-de-caldas\/#breadcrumb\"},\"inLanguage\":\"es\",\"potentialAction\":[{\"@type\":\"ReadAction\",\"target\":[\"https:\/\/reconstruccion.com.co\/index.php\/2022\/11\/22\/i-e-inem-francisco-jose-de-caldas\/\"]}]},{\"@type\":\"ImageObject\",\"inLanguage\":\"es\",\"@id\":\"https:\/\/reconstruccion.com.co\/index.php\/2022\/11\/22\/i-e-inem-francisco-jose-de-caldas\/#primaryimage\",\"url\":\"https:\/\/reconstruccion.com.co\/wp-content\/uploads\/2022\/11\/DSC00972.jpg\",\"contentUrl\":\"https:\/\/reconstruccion.com.co\/wp-content\/uploads\/2022\/11\/DSC00972.jpg\",\"width\":4912,\"height\":1080},{\"@type\":\"BreadcrumbList\",\"@id\":\"https:\/\/reconstruccion.com.co\/index.php\/2022\/11\/22\/i-e-inem-francisco-jose-de-caldas\/#breadcrumb\",\"itemListElement\":[{\"@type\":\"ListItem\",\"position\":1,\"name\":\"Portada\",\"item\":\"https:\/\/reconstruccion.com.co\/\"},{\"@type\":\"ListItem\",\"position\":2,\"name\":\"I. E. INEM \u201cFRANCISCO JOS\u00c9 DE CALDAS\u201d\"}]},{\"@type\":\"WebSite\",\"@id\":\"https:\/\/reconstruccion.com.co\/#website\",\"url\":\"https:\/\/reconstruccion.com.co\/\",\"name\":\"\",\"description\":\"Peri\u00f3dico Escolar Virtual\",\"potentialAction\":[{\"@type\":\"SearchAction\",\"target\":{\"@type\":\"EntryPoint\",\"urlTemplate\":\"https:\/\/reconstruccion.com.co\/?s={search_term_string}\"},\"query-input\":{\"@type\":\"PropertyValueSpecification\",\"valueRequired\":true,\"valueName\":\"search_term_string\"}}],\"inLanguage\":\"es\"},{\"@type\":\"Person\",\"@id\":\"https:\/\/reconstruccion.com.co\/#\/schema\/person\/94c33cd472ccc210607a97227bcbc55c\",\"name\":\"CLARA IN\u00c9S RENGIFO\",\"image\":{\"@type\":\"ImageObject\",\"inLanguage\":\"es\",\"@id\":\"https:\/\/reconstruccion.com.co\/#\/schema\/person\/image\/\",\"url\":\"https:\/\/secure.gravatar.com\/avatar\/202767a9ff6e3fc68c1507884058e18a?s=96&d=mm&r=g\",\"contentUrl\":\"https:\/\/secure.gravatar.com\/avatar\/202767a9ff6e3fc68c1507884058e18a?s=96&d=mm&r=g\",\"caption\":\"CLARA IN\u00c9S RENGIFO\"},\"url\":\"https:\/\/reconstruccion.com.co\/index.php\/author\/clarita\/\"}]}<\/script>\n<!-- \/ Yoast SEO plugin. -->","yoast_head_json":{"title":"I. E. INEM \u201cFRANCISCO JOS\u00c9 DE CALDAS\u201d -","robots":{"index":"index","follow":"follow","max-snippet":"max-snippet:-1","max-image-preview":"max-image-preview:large","max-video-preview":"max-video-preview:-1"},"canonical":"https:\/\/reconstruccion.com.co\/index.php\/2022\/11\/22\/i-e-inem-francisco-jose-de-caldas\/","og_locale":"es_ES","og_type":"article","og_title":"I. E. INEM \u201cFRANCISCO JOS\u00c9 DE CALDAS\u201d -","og_description":"Pasado, presente y futuro Donaldo Mendoza &nbsp;I. E. INEM \u201cFRANCISCO JOS\u00c9 DE CALDAS\u201d Pasado, presente...","og_url":"https:\/\/reconstruccion.com.co\/index.php\/2022\/11\/22\/i-e-inem-francisco-jose-de-caldas\/","article_published_time":"2022-11-22T17:12:59+00:00","article_modified_time":"2022-11-22T21:44:37+00:00","og_image":[{"width":3106,"height":2356,"url":"https:\/\/reconstruccion.com.co\/wp-content\/uploads\/2022\/11\/DSC01890def.jpg","type":"image\/jpeg"}],"author":"CLARA IN\u00c9S RENGIFO","twitter_card":"summary_large_image","twitter_misc":{"Escrito por":"CLARA IN\u00c9S RENGIFO","Tiempo de lectura":"3 minutos"},"schema":{"@context":"https:\/\/schema.org","@graph":[{"@type":"WebPage","@id":"https:\/\/reconstruccion.com.co\/index.php\/2022\/11\/22\/i-e-inem-francisco-jose-de-caldas\/","url":"https:\/\/reconstruccion.com.co\/index.php\/2022\/11\/22\/i-e-inem-francisco-jose-de-caldas\/","name":"I. E. INEM \u201cFRANCISCO JOS\u00c9 DE CALDAS\u201d -","isPartOf":{"@id":"https:\/\/reconstruccion.com.co\/#website"},"primaryImageOfPage":{"@id":"https:\/\/reconstruccion.com.co\/index.php\/2022\/11\/22\/i-e-inem-francisco-jose-de-caldas\/#primaryimage"},"image":{"@id":"https:\/\/reconstruccion.com.co\/index.php\/2022\/11\/22\/i-e-inem-francisco-jose-de-caldas\/#primaryimage"},"thumbnailUrl":"https:\/\/reconstruccion.com.co\/wp-content\/uploads\/2022\/11\/DSC00972.jpg","datePublished":"2022-11-22T17:12:59+00:00","dateModified":"2022-11-22T21:44:37+00:00","author":{"@id":"https:\/\/reconstruccion.com.co\/#\/schema\/person\/94c33cd472ccc210607a97227bcbc55c"},"breadcrumb":{"@id":"https:\/\/reconstruccion.com.co\/index.php\/2022\/11\/22\/i-e-inem-francisco-jose-de-caldas\/#breadcrumb"},"inLanguage":"es","potentialAction":[{"@type":"ReadAction","target":["https:\/\/reconstruccion.com.co\/index.php\/2022\/11\/22\/i-e-inem-francisco-jose-de-caldas\/"]}]},{"@type":"ImageObject","inLanguage":"es","@id":"https:\/\/reconstruccion.com.co\/index.php\/2022\/11\/22\/i-e-inem-francisco-jose-de-caldas\/#primaryimage","url":"https:\/\/reconstruccion.com.co\/wp-content\/uploads\/2022\/11\/DSC00972.jpg","contentUrl":"https:\/\/reconstruccion.com.co\/wp-content\/uploads\/2022\/11\/DSC00972.jpg","width":4912,"height":1080},{"@type":"BreadcrumbList","@id":"https:\/\/reconstruccion.com.co\/index.php\/2022\/11\/22\/i-e-inem-francisco-jose-de-caldas\/#breadcrumb","itemListElement":[{"@type":"ListItem","position":1,"name":"Portada","item":"https:\/\/reconstruccion.com.co\/"},{"@type":"ListItem","position":2,"name":"I. E. INEM \u201cFRANCISCO JOS\u00c9 DE CALDAS\u201d"}]},{"@type":"WebSite","@id":"https:\/\/reconstruccion.com.co\/#website","url":"https:\/\/reconstruccion.com.co\/","name":"","description":"Peri\u00f3dico Escolar Virtual","potentialAction":[{"@type":"SearchAction","target":{"@type":"EntryPoint","urlTemplate":"https:\/\/reconstruccion.com.co\/?s={search_term_string}"},"query-input":{"@type":"PropertyValueSpecification","valueRequired":true,"valueName":"search_term_string"}}],"inLanguage":"es"},{"@type":"Person","@id":"https:\/\/reconstruccion.com.co\/#\/schema\/person\/94c33cd472ccc210607a97227bcbc55c","name":"CLARA IN\u00c9S RENGIFO","image":{"@type":"ImageObject","inLanguage":"es","@id":"https:\/\/reconstruccion.com.co\/#\/schema\/person\/image\/","url":"https:\/\/secure.gravatar.com\/avatar\/202767a9ff6e3fc68c1507884058e18a?s=96&d=mm&r=g","contentUrl":"https:\/\/secure.gravatar.com\/avatar\/202767a9ff6e3fc68c1507884058e18a?s=96&d=mm&r=g","caption":"CLARA IN\u00c9S RENGIFO"},"url":"https:\/\/reconstruccion.com.co\/index.php\/author\/clarita\/"}]}},"featured_image_urls":{"full":["https:\/\/reconstruccion.com.co\/wp-content\/uploads\/2022\/11\/DSC00972.jpg",4912,1080,false],"thumbnail":["https:\/\/reconstruccion.com.co\/wp-content\/uploads\/2022\/11\/DSC00972.jpg",150,33,false],"medium":["https:\/\/reconstruccion.com.co\/wp-content\/uploads\/2022\/11\/DSC00972.jpg",300,66,false],"medium_large":["https:\/\/reconstruccion.com.co\/wp-content\/uploads\/2022\/11\/DSC00972.jpg",640,141,false],"large":["https:\/\/reconstruccion.com.co\/wp-content\/uploads\/2022\/11\/DSC00972.jpg",640,141,false],"1536x1536":["https:\/\/reconstruccion.com.co\/wp-content\/uploads\/2022\/11\/DSC00972.jpg",1536,338,false],"2048x2048":["https:\/\/reconstruccion.com.co\/wp-content\/uploads\/2022\/11\/DSC00972.jpg",2048,450,false],"newsever-slider-full":["https:\/\/reconstruccion.com.co\/wp-content\/uploads\/2022\/11\/DSC00972.jpg",1280,281,false],"newsever-featured":["https:\/\/reconstruccion.com.co\/wp-content\/uploads\/2022\/11\/DSC00972.jpg",1024,225,false],"newsever-medium":["https:\/\/reconstruccion.com.co\/wp-content\/uploads\/2022\/11\/DSC00972.jpg",720,158,false]},"author_info":{"display_name":"CLARA IN\u00c9S RENGIFO","author_link":"https:\/\/reconstruccion.com.co\/index.php\/author\/clarita\/"},"category_info":"<a href=\"https:\/\/reconstruccion.com.co\/index.php\/categorias\/opinion\/\" rel=\"category tag\">Opini\u00f3n<\/a>","tag_info":"Opini\u00f3n","comment_count":"0","_links":{"self":[{"href":"https:\/\/reconstruccion.com.co\/index.php\/wp-json\/wp\/v2\/posts\/1413"}],"collection":[{"href":"https:\/\/reconstruccion.com.co\/index.php\/wp-json\/wp\/v2\/posts"}],"about":[{"href":"https:\/\/reconstruccion.com.co\/index.php\/wp-json\/wp\/v2\/types\/post"}],"author":[{"embeddable":true,"href":"https:\/\/reconstruccion.com.co\/index.php\/wp-json\/wp\/v2\/users\/4"}],"replies":[{"embeddable":true,"href":"https:\/\/reconstruccion.com.co\/index.php\/wp-json\/wp\/v2\/comments?post=1413"}],"version-history":[{"count":5,"href":"https:\/\/reconstruccion.com.co\/index.php\/wp-json\/wp\/v2\/posts\/1413\/revisions"}],"predecessor-version":[{"id":1422,"href":"https:\/\/reconstruccion.com.co\/index.php\/wp-json\/wp\/v2\/posts\/1413\/revisions\/1422"}],"wp:featuredmedia":[{"embeddable":true,"href":"https:\/\/reconstruccion.com.co\/index.php\/wp-json\/wp\/v2\/media\/1420"}],"wp:attachment":[{"href":"https:\/\/reconstruccion.com.co\/index.php\/wp-json\/wp\/v2\/media?parent=1413"}],"wp:term":[{"taxonomy":"category","embeddable":true,"href":"https:\/\/reconstruccion.com.co\/index.php\/wp-json\/wp\/v2\/categories?post=1413"},{"taxonomy":"post_tag","embeddable":true,"href":"https:\/\/reconstruccion.com.co\/index.php\/wp-json\/wp\/v2\/tags?post=1413"}],"curies":[{"name":"wp","href":"https:\/\/api.w.org\/{rel}","templated":true}]}}